{"id":3900,"date":"2021-06-04T09:36:30","date_gmt":"2021-06-04T07:36:30","guid":{"rendered":"http:\/\/neu.radiata.ch\/?p=3900"},"modified":"2023-10-11T12:02:42","modified_gmt":"2023-10-11T10:02:42","slug":"aussengehege","status":"publish","type":"post","link":"https:\/\/www.radiata.ch\/fr\/2021\/06\/04\/aussengehege\/","title":{"rendered":"Enclos ext\u00e9rieur"},"content":{"rendered":"<p><div class=\"fusion-fullwidth fullwidth-box fusion-builder-row-1 fusion-flex-container nonhundred-percent-fullwidth non-hundred-percent-height-scrolling\" style=\"--awb-border-radius-top-left:0px;--awb-border-radius-top-right:0px;--awb-border-radius-bottom-right:0px;--awb-border-radius-bottom-left:0px;--awb-flex-wrap:wrap;\" ><div class=\"fusion-builder-row fusion-row fusion-flex-align-items-flex-start fusion-flex-content-wrap\" style=\"max-width:1216.8px;margin-left: calc(-4% \/ 2 );margin-right: calc(-4% \/ 2 );\"><div class=\"fusion-layout-column fusion_builder_column fusion-builder-column-0 fusion_builder_column_1_1 1_1 fusion-flex-column\" style=\"--awb-bg-size:cover;--awb-width-large:100%;--awb-margin-top-large:0px;--awb-spacing-right-large:1.92%;--awb-margin-bottom-large:0px;--awb-spacing-left-large:1.92%;--awb-width-medium:100%;--awb-spacing-right-medium:1.92%;--awb-spacing-left-medium:1.92%;--awb-width-small:100%;--awb-spacing-right-small:1.92%;--awb-spacing-left-small:1.92%;\"><div class=\"fusion-column-wrapper fusion-flex-justify-content-flex-start fusion-content-layout-column\"><div class=\"fusion-title title fusion-title-1 fusion-title-text fusion-title-size-one\" style=\"--awb-text-color:#000000;--awb-margin-top-small:0px;--awb-margin-bottom-small:20px;--awb-font-size:34px;\"><div class=\"title-sep-container title-sep-container-left fusion-no-large-visibility fusion-no-medium-visibility fusion-no-small-visibility\"><div class=\"title-sep sep- sep-solid\" style=\"border-color:#e2e2e2;\"><\/div><\/div><span class=\"awb-title-spacer fusion-no-large-visibility fusion-no-medium-visibility fusion-no-small-visibility\"><\/span><h1 class=\"fusion-title-heading title-heading-left fusion-responsive-typography-calculated\" style=\"margin:0;font-size:1em;--fontSize:34;line-height:1.14;\">Outdooranlagen<\/h1><span class=\"awb-title-spacer\"><\/span><div class=\"title-sep-container title-sep-container-right\"><div class=\"title-sep sep- sep-solid\" style=\"border-color:#e2e2e2;\"><\/div><\/div><\/div><div class=\"fusion-separator fusion-full-width-sep\" style=\"align-self: center;margin-left: auto;margin-right: auto;margin-top:0px;margin-bottom:40px;width:100%;\"><div class=\"fusion-separator-border sep-single sep-solid\" style=\"--awb-height:20px;--awb-amount:20px;--awb-sep-color:#000000;border-color:#000000;border-top-width:1px;\"><\/div><\/div><div class=\"fusion-text fusion-text-1\" style=\"--awb-text-color:#000000;\"><p>Schildkr\u00f6ten haben physische und psychische Bed\u00fcrfnisse, die von uns Menschen in der Haltung oft v\u00f6llig vernachl\u00e4ssigt werden. Schildkr\u00f6ten m\u00f6chten sich sonnen, an der frischen Luft herumlaufen, nach Futter suchen, im Gel\u00e4nde weiden, sich verstecken und mit Artgenossen auf Schildkr\u00f6tenart kommunizieren und interagieren. Dies alles ist in Indooranlagen meistens nur eingeschr\u00e4nkt m\u00f6glich. Das ganze Repertoire an Schildkr\u00f6tenbed\u00fcrfnissen kann nur in naturnahen Aussenanlagen ausgelebt und befriedigt werden.<\/p>\n<\/div><div class=\"fusion-separator fusion-full-width-sep\" style=\"align-self: center;margin-left: auto;margin-right: auto;margin-bottom:40px;width:100%;\"><\/div><div class=\"fusion-reading-box-container reading-box-container-1\" style=\"--awb-title-color:#444444;--awb-margin-top:0px;--awb-margin-bottom:20px;\"><div class=\"reading-box\" style=\"background-color:#000000;border-width:10px;border-color:#000000;border-left-width:10px;border-left-color:var(--primary_color);border-style:solid;\"><div class=\"reading-box-additional\">\n<p><em><span style=\"color: #ffcc00;\">Wir k\u00f6nnen es nicht genug betonen: Eine Strahlenschildkr\u00f6te geh\u00f6rt bei sonnigem Wetter immer in eine artgerechte Aussenanlage! Seien Sie grossz\u00fcgig und bieten Sie ihrer Strahlenschildkr\u00f6te an der sonnigsten Stelle im Garten ein naturnahes und gut strukturiertes Freilandgehege mit beheizbarer Schutzh\u00fctte. Sie wird es Ihnen mit Gesundheit und einem langen und gl\u00fccklichen Schildkr\u00f6tenleben danken!<\/span><\/em><\/p>\n<\/div><div class=\"fusion-clearfix\"><\/div><\/div><\/div><div class=\"fusion-separator fusion-full-width-sep\" style=\"align-self: center;margin-left: auto;margin-right: auto;margin-bottom:40px;width:100%;\"><\/div><div class=\"fusion-text fusion-text-2\" style=\"--awb-text-color:#000000;\"><p>Orientieren Sie sich bei der Gestaltung des Aussengeheges am nat\u00fcrlichen Biotop von Astrochelys radiata. Lichte, trockene und sonnige Sandfl\u00e4chen, die sich mit Graslandschaft und einer Bepflanzung mit niederem Buschwerk abwechseln, werden von Strahlenschildkr\u00f6ten bevorzugt. Das Gel\u00e4nde sollte grunds\u00e4tzlich uneben, abwechslungsreich und gut strukturiert sein. Steine, Wurzeln, \u00c4ste und Baumst\u00e4mme dienen den Schildkr\u00f6ten als Sichtschutz und Kratzgelegenheit. Eine Bepflanzung mit geeigneten Futterpflanzen ist nicht nur eine optische Versch\u00f6nerung, sondern auch sehr praktisch.<\/p>\n<p>Obwohl Strahlenschildkr\u00f6ten im Vergleich zu europ\u00e4ischen Landschildkr\u00f6ten weder gut klettern noch nennenswert graben, sind adulte Exemplare doch sehr kr\u00e4ftig und k\u00f6nnen mit ihrem K\u00f6rpergewicht instabile und lockere Gehegeabgrenzungen leicht wegstemmen oder niederdr\u00fccken. Eine massive und robuste Abgrenzung des Freilandgeheges mit 40-50 cm hohen L\u00f6ffelsteinen, Natursteinen, Beton-\/Holzpalisaden oder anderen gemauerten Elementen ist sehr zu empfehlen. Maschenartige und transparente Einz\u00e4unungsmaterialen, ohne vollst\u00e4ndigen Sichtschutz (Glas-, Gitter-, Drah-, Lattentz\u00e4une, etc.), irritieren Schildkr\u00f6ten in ihrer Grenzwahrnehmung und sind aufgrund der Verletzungsgefahr ungeeignet.<\/p>\n<\/div><div class=\"fusion-separator fusion-full-width-sep\" style=\"align-self: center;margin-left: auto;margin-right: auto;margin-bottom:100px;width:100%;\"><\/div><\/div><\/div><\/div><\/div><div class=\"fusion-fullwidth fullwidth-box fusion-builder-row-2 fusion-flex-container nonhundred-percent-fullwidth non-hundred-percent-height-scrolling\" style=\"--awb-border-radius-top-left:0px;--awb-border-radius-top-right:0px;--awb-border-radius-bottom-right:0px;--awb-border-radius-bottom-left:0px;--awb-flex-wrap:wrap;\" ><div class=\"fusion-builder-row fusion-row fusion-flex-align-items-flex-start fusion-flex-content-wrap\" style=\"max-width:1216.8px;margin-left: calc(-4% \/ 2 );margin-right: calc(-4% \/ 2 );\"><div class=\"fusion-layout-column fusion_builder_column fusion-builder-column-1 fusion_builder_column_1_1 1_1 fusion-flex-column\" style=\"--awb-bg-size:cover;--awb-width-large:100%;--awb-margin-top-large:0px;--awb-spacing-right-large:1.92%;--awb-margin-bottom-large:0px;--awb-spacing-left-large:1.92%;--awb-width-medium:100%;--awb-spacing-right-medium:1.92%;--awb-spacing-left-medium:1.92%;--awb-width-small:100%;--awb-spacing-right-small:1.92%;--awb-spacing-left-small:1.92%;\"><div class=\"fusion-column-wrapper fusion-flex-justify-content-flex-start fusion-content-layout-column\"><div class=\"fusion-title title fusion-title-2 fusion-title-text fusion-title-size-one\" style=\"--awb-text-color:#000000;--awb-margin-top-small:0px;--awb-margin-bottom-small:20px;--awb-font-size:34px;\"><div class=\"title-sep-container title-sep-container-left fusion-no-large-visibility fusion-no-medium-visibility fusion-no-small-visibility\"><div class=\"title-sep sep- sep-solid\" style=\"border-color:#e2e2e2;\"><\/div><\/div><span class=\"awb-title-spacer fusion-no-large-visibility fusion-no-medium-visibility fusion-no-small-visibility\"><\/span><h1 class=\"fusion-title-heading title-heading-left fusion-responsive-typography-calculated\" style=\"margin:0;font-size:1em;--fontSize:34;line-height:1.14;\">Schutzh\u00e4user<\/h1><span class=\"awb-title-spacer\"><\/span><div class=\"title-sep-container title-sep-container-right\"><div class=\"title-sep sep- sep-solid\" style=\"border-color:#e2e2e2;\"><\/div><\/div><\/div><div class=\"fusion-separator fusion-full-width-sep\" style=\"align-self: center;margin-left: auto;margin-right: auto;margin-top:0px;margin-bottom:40px;width:100%;\"><div class=\"fusion-separator-border sep-single sep-solid\" style=\"--awb-height:20px;--awb-amount:20px;--awb-sep-color:#000000;border-color:#000000;border-top-width:1px;\"><\/div><\/div><div class=\"fusion-text fusion-text-3\" style=\"--awb-text-color:#000000;\"><p>Das Klima eines mitteleurop\u00e4ischen Sommers ist f\u00fcr tropische Landschildkr\u00f6ten im Durchschnitt zu kalt, zu niederschlagsreich und weist definitiv eine zu geringe Sonnenscheindauer auf. Es muss deshalb im Outdoorbereich auf technische Hilfsmittel zur\u00fcckgegriffen werden, um trockene, lichtdurchflutete Bereiche mit erh\u00f6hten Temperaturen zu schaffen. Ein Fr\u00fchbeet oder ein Gew\u00e4chshaus ist die einfachste M\u00f6glichkeit dies zu erreichen. Der Treibhauseffekt erh\u00f6ht bei geringer Sonnenbestrahlung sofort die Temperatur, und eine gute Isolation sorgt daf\u00fcr, dass sich die W\u00e4rme auch nachts bei k\u00fchlen Aussentemperaturen gut im Innern h\u00e4lt. Damit die lebenswichtigen UV-Strahlen t\u00e4glich durch die Abdeckung hindurch zu den Schildkr\u00f6ten gelangen, sollte das ganze Schutzhaus komplett aus <strong>Alltop (Plexi-bzw. Acrylglas)<\/strong> bestehen. Bei Strahlenschildkr\u00f6ten ist es sinnvoll, trotz UV-durchl\u00e4ssiger Verglasung mit zus\u00e4tzlichen UV-Strahlern zu arbeiten, um auch an bew\u00f6lkten und regnerischen Tagen auf die notwendigen Licht- und Strahlungswerte zu kommen. Eine einfache Elektro- oder handels\u00fcbliche Gew\u00e4chshausheizung sorgt w\u00e4hrend der nasskalten \u00dcbergangszeit f\u00fcr eine komfortable Basisitemperatur am Tag und in der Nacht. Wichtig ist die Installation eines einfachen, automatischen und \u00f6ldruckbetriebenen Fenster\u00f6ffners, der durch Anheben des Dachfensters f\u00fcr eine ausreichende Bel\u00fcftung sorgt und einer \u00dcberhitzung des Fr\u00fchbeetkastens vorbeugt. Je nach Gr\u00f6sse des Fr\u00fchbeets oder des Gew\u00e4chshauses sind, vor allem im Sommer, mehrere L\u00fcfter n\u00f6tig. Schutzh\u00e4user k\u00f6nnen selber aus Alltopplatten gebaut oder in verschiedenen Gr\u00f6ssen und Ausf\u00fchrungen bei den folgenden schweizer Anbietern gebrauchsfertig gekauft werden: <a href=\"https:\/\/www.neogard.ch\/shop\/de\/tiergarten\/schildkroeten\/schildkroetenhaeuser\/schildkroetenhaus-samos-l-acrylpc-tuerchen-deckel-206x103x3055-cm.html\" target=\"_blank\" rel=\"noopener\">Neogard<\/a>, <a href=\"https:\/\/www.botanicum.ch\/schildkroeten\/29-schildkroetenhaeuser\/163-schildkroetenfruehbeet-bella\" target=\"_blank\" rel=\"noopener\">Botanicum<\/a>,\u00a0 <a href=\"https:\/\/www.frei-gewaechshaus.ch\/freizeit-und-garten\/schildkroeten\/index.php\">Frei<\/a><\/p>\n<\/div><div class=\"fusion-separator fusion-full-width-sep\" style=\"align-self: center;margin-left: auto;margin-right: auto;margin-bottom:40px;width:100%;\"><\/div><div class=\"awb-gallery-wrapper awb-gallery-wrapper-1 button-span-no\"><div style=\"margin:-5px;--awb-bordersize:0px;\" class=\"fusion-gallery fusion-gallery-container fusion-grid-1 fusion-columns-total-1 fusion-gallery-layout-grid fusion-gallery-1\"><div style=\"padding:5px;\" class=\"fusion-grid-column fusion-gallery-column fusion-gallery-column-1 hover-type-none awb-imageframe-style awb-imageframe-style-below awb-imageframe-style-1\"><div class=\"fusion-gallery-image\"><a href=\"https:\/\/www.radiata.ch\/wp-content\/uploads\/2021\/06\/2000x1500_Schutzhaus.jpg\" rel=\"noreferrer\" data-rel=\"iLightbox[gallery_image_1]\" class=\"fusion-lightbox\" target=\"_self\"><img decoding=\"async\" src=\"https:\/\/www.radiata.ch\/wp-content\/uploads\/2021\/06\/2000x1500_Schutzhaus.jpg\" data-orig-src=\"https:\/\/www.radiata.ch\/wp-content\/uploads\/2021\/06\/2000x1500_Schutzhaus.jpg\" width=\"2000\" height=\"1500\" alt=\"\" title=\"Beispiel f\u00fcr eine Aussenanlage komplett aus Alltop Doppelstegplatten mit beheizbarem Schutzhaus und angrenzendem Auslauf f\u00fcr kleine Strahlenschildkr\u00f6ten | \u00a9 Foto Christph Studer\" aria-label=\"Beispiel f\u00fcr eine Aussenanlage komplett aus Alltop Doppelstegplatten mit beheizbarem Schutzhaus und angrenzendem Auslauf f\u00fcr kleine Strahlenschildkr\u00f6ten | \u00a9 Foto Christph Studer\" class=\"lazyload img-responsive wp-image-7093\" srcset=\"data:image\/svg+xml,%3Csvg%20xmlns%3D%27http%3A%2F%2Fwww.w3.org%2F2000%2Fsvg%27%20width%3D%272000%27%20height%3D%271500%27%20viewBox%3D%270%200%202000%201500%27%3E%3Crect%20width%3D%272000%27%20height%3D%271500%27%20fill-opacity%3D%220%22%2F%3E%3C%2Fsvg%3E\" data-srcset=\"https:\/\/www.radiata.ch\/wp-content\/uploads\/2021\/06\/2000x1500_Schutzhaus-200x150.jpg 200w, https:\/\/www.radiata.ch\/wp-content\/uploads\/2021\/06\/2000x1500_Schutzhaus-400x300.jpg 400w, https:\/\/www.radiata.ch\/wp-content\/uploads\/2021\/06\/2000x1500_Schutzhaus-600x450.jpg 600w, https:\/\/www.radiata.ch\/wp-content\/uploads\/2021\/06\/2000x1500_Schutzhaus-800x600.jpg 800w, https:\/\/www.radiata.ch\/wp-content\/uploads\/2021\/06\/2000x1500_Schutzhaus-1200x900.jpg 1200w, https:\/\/www.radiata.ch\/wp-content\/uploads\/2021\/06\/2000x1500_Schutzhaus.jpg 2000w\" data-sizes=\"auto\" data-orig-sizes=\"(min-width: 2200px) 100vw, (min-width: 640px) 1170px, \" \/><\/a><\/div><div class=\"awb-imageframe-caption-container\"><div class=\"awb-imageframe-caption\"><h6 class=\"awb-imageframe-caption-title\">Beispiel f\u00fcr eine Aussenanlage komplett aus Alltop Doppelstegplatten mit beheizbarem Schutzhaus und angrenzendem Auslauf f\u00fcr kleine Strahlenschildkr\u00f6ten | \u00a9 Foto Christph Studer<\/h6><\/div><\/div><\/div><div class=\"clearfix\"><\/div><\/div><\/div><div class=\"fusion-separator fusion-full-width-sep\" style=\"align-self: center;margin-left: auto;margin-right: auto;margin-bottom:40px;width:100%;\"><\/div><div class=\"fusion-reading-box-container reading-box-container-2\" style=\"--awb-title-color:#444444;--awb-margin-top:0px;--awb-margin-bottom:20px;\"><div class=\"reading-box\" style=\"background-color:#000000;border-width:10px;border-color:#000000;border-left-width:10px;border-left-color:var(--primary_color);border-style:solid;\"><div class=\"reading-box-additional\">\n<p><em><span style=\"color: #ffcc00;\">Mit HQI Leuchten und einer Heizung ausgestattete Fr\u00fchbeete oder Gew\u00e4chsh\u00e4user verl\u00e4ngern den Aufenthalt von tropischen Landschildkr\u00f6ten in unseren Breitengraden im Outdoorbereich um ein Vielfaches. Der Einsatz von Schutzh\u00fctten ist deshalb ein unverzichtbares Hilfsmittel in der Haltung von tropischen Landschildkr\u00f6ten.<br \/>\n<\/span><\/em><\/p>\n<\/div><div class=\"fusion-clearfix\"><\/div><\/div><\/div><div class=\"fusion-separator fusion-full-width-sep\" style=\"align-self: center;margin-left: auto;margin-right: auto;margin-bottom:100px;width:100%;\"><\/div><\/div><\/div><\/div><\/div><div class=\"fusion-fullwidth fullwidth-box fusion-builder-row-3 fusion-flex-container nonhundred-percent-fullwidth non-hundred-percent-height-scrolling\" style=\"--awb-border-radius-top-left:0px;--awb-border-radius-top-right:0px;--awb-border-radius-bottom-right:0px;--awb-border-radius-bottom-left:0px;--awb-flex-wrap:wrap;\" ><div class=\"fusion-builder-row fusion-row fusion-flex-align-items-flex-start fusion-flex-content-wrap\" style=\"max-width:1216.8px;margin-left: calc(-4% \/ 2 );margin-right: calc(-4% \/ 2 );\"><div class=\"fusion-layout-column fusion_builder_column fusion-builder-column-2 fusion_builder_column_1_1 1_1 fusion-flex-column\" style=\"--awb-bg-size:cover;--awb-width-large:100%;--awb-margin-top-large:0px;--awb-spacing-right-large:1.92%;--awb-margin-bottom-large:0px;--awb-spacing-left-large:1.92%;--awb-width-medium:100%;--awb-spacing-right-medium:1.92%;--awb-spacing-left-medium:1.92%;--awb-width-small:100%;--awb-spacing-right-small:1.92%;--awb-spacing-left-small:1.92%;\"><div class=\"fusion-column-wrapper fusion-flex-justify-content-flex-start fusion-content-layout-column\"><div class=\"fusion-title title fusion-title-3 fusion-title-text fusion-title-size-one\" style=\"--awb-text-color:#000000;--awb-margin-top-small:0px;--awb-margin-bottom-small:20px;--awb-font-size:34px;\"><div class=\"title-sep-container title-sep-container-left fusion-no-large-visibility fusion-no-medium-visibility fusion-no-small-visibility\"><div class=\"title-sep sep- sep-solid\" style=\"border-color:#e2e2e2;\"><\/div><\/div><span class=\"awb-title-spacer fusion-no-large-visibility fusion-no-medium-visibility fusion-no-small-visibility\"><\/span><h1 class=\"fusion-title-heading title-heading-left fusion-responsive-typography-calculated\" style=\"margin:0;font-size:1em;--fontSize:34;line-height:1.14;\">Unsere Outdooranlage<\/h1><span class=\"awb-title-spacer\"><\/span><div class=\"title-sep-container title-sep-container-right\"><div class=\"title-sep sep- sep-solid\" style=\"border-color:#e2e2e2;\"><\/div><\/div><\/div><div class=\"fusion-separator fusion-full-width-sep\" style=\"align-self: center;margin-left: auto;margin-right: auto;margin-top:0px;margin-bottom:40px;width:100%;\"><div class=\"fusion-separator-border sep-single sep-solid\" style=\"--awb-height:20px;--awb-amount:20px;--awb-sep-color:#000000;border-color:#000000;border-top-width:1px;\"><\/div><\/div><div class=\"fusion-text fusion-text-4\" style=\"--awb-text-color:#000000;\"><p class=\"bodytext\">Die gesamte nach S\u00fcden ausgerichtete Aussenanlage ist mit einer 50 cm hohen Mauer aus holen und bepflanzbaren L\u00f6ffelsteinen eingez\u00e4unt und umfasst 100m2. Im Sommer wird die Aussenanlage bereits ab 8 Uhr von der Sonne beschienen. Die Anlage gliedert sich in zwei Bereiche, einen trockenen, sandigen Bereich und eine gr\u00fcne Graslandschaft.<\/p>\n<p class=\"bodytext\">Der erste, trockne Bereich besteht aus einer sandigen und mit Muschelgrit durchsetzten Landschaft, auf der nur sp\u00e4rliche Vegetation gedeiht. Hier hat es flache Steine, kalkhaltiges Ger\u00f6ll und ein paar ausgegrabene Wurzelst\u00f6cke, die den Schildkr\u00f6ten als &#171;Kratzb\u00e4ume&#187; dienen. Dieser Bereich trocknet nach Regenf\u00e4llen immer rasch ab\u00a0\u00a0und wird gerne zum Sonnen und Aufw\u00e4rmen aufgesucht. W\u00e4hrend den \u00dcbergangszeiten, im Fr\u00fchling und Herbst, verkleinern wir die Aussenanlage durch Abtrennen mit Holzbrettern auf diesen trockenen, sandigen Bereich. Von hier aus gelangen die Tiere auch selbst\u00e4ndig \u00fcber eine flache Rampe ins Innengehege. Weil das Innengehege direkt mit dem Aussengehege verbunden ist, und die Tiere selbst\u00e4ndig entscheiden k\u00f6nnen, ob sie sich im gesch\u00fctzten Innenbereich oder im Freien aufhalten m\u00f6chten, ben\u00f6tigen wir keine zus\u00e4tzlichen Schutzh\u00fctten f\u00fcr die adulten Tiere.<\/p>\n<p class=\"bodytext\">Der zweite, gr\u00fcne Bereich besteht aus einer k\u00fcnstlich angelegte Magerwiese, auf der allerlei Gr\u00e4ser und Kr\u00e4uter gedeihen. Saisonal weiden die Strahlenschildkr\u00f6ten die gesamte Fl\u00e4che komplett ab. Damit sich die Futterpflanzen erholen und nachwachsen k\u00f6nnen, trennen wir die Graslandschaft regelm\u00e4ssig wieder ab. Manche Kr\u00e4uter werden aber derart abgefressen und ausgerupft, dass sie von Zeit zu Zeit wieder anges\u00e4ht werden m\u00fcssen. In diesem Weidebereich halten sich die Tiere auch gerne im Hochsommer auf und verkriechen sich mit Vorliebe unter grossen Grasb\u00fcscheln und schattigen Str\u00e4uchern. W\u00e4hrend unserer Ferienabwesenheit achten wir darauf, dass die Magerwiese hoch steht und voll mit Futterpflanzen ist, so dass die Ferienvertretung keinen grossen Aufwand mit der Futterbeschaffung hat.<\/p>\n<p>Sowohl im trockenen Bereich als auch in der Wiese hat es an den sonnigsten Stellen grossz\u00fcgige, begrabbare Eiablagepl\u00e4tze f\u00fcr die Weibchen. Die Aussenanlage ist so konzipiert, dass einzelne P\u00e4rchen oder die Geschlechter untereinander abgetrennt werden k\u00f6nnen. Die kleineren Aussengehege der Jungtiere sind von dem Gehege der adulten Tiere abgetrennt. F\u00fcr die Aufzucht der Jungtiere werden zus\u00e4tzliche, beheizbare Schutzh\u00fctten aus Alltop ben\u00f6tigt.<\/p>\n<\/div><div class=\"awb-gallery-wrapper awb-gallery-wrapper-2 button-span-no\"><div style=\"margin:-5px;--awb-bordersize:0px;\" class=\"fusion-gallery fusion-gallery-container fusion-grid-1 fusion-columns-total-1 fusion-gallery-layout-grid fusion-gallery-2\"><div style=\"padding:5px;\" class=\"fusion-grid-column fusion-gallery-column fusion-gallery-column-1 hover-type-none awb-imageframe-style awb-imageframe-style-below awb-imageframe-style-2\"><div class=\"fusion-gallery-image\"><a href=\"https:\/\/www.radiata.ch\/wp-content\/uploads\/2021\/06\/Outdooranlage_freigestellt.png\" rel=\"noreferrer\" data-rel=\"iLightbox[gallery_image_2]\" class=\"fusion-lightbox\" target=\"_self\"><img decoding=\"async\" src=\"https:\/\/www.radiata.ch\/wp-content\/uploads\/2021\/06\/Outdooranlage_freigestellt.png\" data-orig-src=\"https:\/\/www.radiata.ch\/wp-content\/uploads\/2021\/06\/Outdooranlage_freigestellt.png\" width=\"1997\" height=\"922\" alt=\"\" title=\"\" aria-label=\"\" class=\"lazyload img-responsive wp-image-8004\" srcset=\"data:image\/svg+xml,%3Csvg%20xmlns%3D%27http%3A%2F%2Fwww.w3.org%2F2000%2Fsvg%27%20width%3D%271997%27%20height%3D%27922%27%20viewBox%3D%270%200%201997%20922%27%3E%3Crect%20width%3D%271997%27%20height%3D%27922%27%20fill-opacity%3D%220%22%2F%3E%3C%2Fsvg%3E\" data-srcset=\"https:\/\/www.radiata.ch\/wp-content\/uploads\/2021\/06\/Outdooranlage_freigestellt-200x92.png 200w, https:\/\/www.radiata.ch\/wp-content\/uploads\/2021\/06\/Outdooranlage_freigestellt-400x185.png 400w, https:\/\/www.radiata.ch\/wp-content\/uploads\/2021\/06\/Outdooranlage_freigestellt-600x277.png 600w, https:\/\/www.radiata.ch\/wp-content\/uploads\/2021\/06\/Outdooranlage_freigestellt-800x369.png 800w, https:\/\/www.radiata.ch\/wp-content\/uploads\/2021\/06\/Outdooranlage_freigestellt-1200x554.png 1200w, https:\/\/www.radiata.ch\/wp-content\/uploads\/2021\/06\/Outdooranlage_freigestellt.png 1997w\" data-sizes=\"auto\" data-orig-sizes=\"(min-width: 2200px) 100vw, (min-width: 640px) 1170px, \" \/><\/a><\/div><div class=\"awb-imageframe-caption-container\"><div class=\"awb-imageframe-caption\"><\/div><\/div><\/div><div class=\"clearfix\"><\/div><\/div><\/div><div class=\"fusion-separator fusion-full-width-sep\" style=\"align-self: center;margin-left: auto;margin-right: auto;margin-bottom:40px;width:100%;\"><\/div><ul style=\"--awb-size:20px;--awb-iconcolor:#ffcc00;--awb-divider-color:#000000;--awb-line-height:34px;--awb-icon-width:34px;--awb-icon-height:34px;--awb-icon-margin:14px;--awb-content-margin:48px;--awb-circlecolor:#009933;--awb-circle-yes-font-size:17.6px;\" class=\"fusion-checklist fusion-checklist-1 fusion-checklist-default fusion-checklist-divider type-icons\"><li class=\"fusion-li-item\" style=\"\"><span class=\"icon-wrapper circle-yes\"><i class=\"fusion-li-icon fa-check fas\" aria-hidden=\"true\"><\/i><\/span><div class=\"fusion-li-item-content\">\n<p><strong><span style=\"color: #008000;\">1.<\/span><\/strong> Robustes, winterfestes und beheizbares Schildkr\u00f6tenhaus<\/p>\n<\/div><\/li><li class=\"fusion-li-item\" style=\"\"><span class=\"icon-wrapper circle-yes\"><i class=\"fusion-li-icon fa-check fas\" aria-hidden=\"true\"><\/i><\/span><div class=\"fusion-li-item-content\">\n<p><strong><span style=\"color: #008000;\">2.<\/span><\/strong> Aufklappbare Dachfenster<\/p>\n<\/div><\/li><li class=\"fusion-li-item\" style=\"\"><span class=\"icon-wrapper circle-yes\"><i class=\"fusion-li-icon fa-check fas\" aria-hidden=\"true\"><\/i><\/span><div class=\"fusion-li-item-content\">\n<p><strong><span style=\"color: #008000;\">3.<\/span><\/strong> Eingang zum Schildkr\u00f6tenhaus. Die Strahlenschildkr\u00f6ten k\u00f6nnen selbst\u00e4ndig vom Innen- ins Aussengehege wechseln.<\/p>\n<\/div><\/li><li class=\"fusion-li-item\" style=\"\"><span class=\"icon-wrapper circle-yes\"><i class=\"fusion-li-icon fa-check fas\" aria-hidden=\"true\"><\/i><\/span><div class=\"fusion-li-item-content\">\n<p><strong><span style=\"color: #008000;\">4.<\/span><\/strong> Rasch abtrocknende Trockenzone mit Sand und kalkhaltigem Gestein<\/p>\n<\/div><\/li><li class=\"fusion-li-item\" style=\"\"><span class=\"icon-wrapper circle-yes\"><i class=\"fusion-li-icon fa-check fas\" aria-hidden=\"true\"><\/i><\/span><div class=\"fusion-li-item-content\">\n<p><strong><span style=\"color: #008000;\">5.<\/span><\/strong> Gras- und Buschlandschaft mit diversen Futterpflanzen und Versteckm\u00f6glichkeiten<\/p>\n<\/div><\/li><li class=\"fusion-li-item\" style=\"\"><span class=\"icon-wrapper circle-yes\"><i class=\"fusion-li-icon fa-check fas\" aria-hidden=\"true\"><\/i><\/span><div class=\"fusion-li-item-content\">\n<p><strong><span style=\"color: #008000;\">6.<\/span><\/strong> Ganzt\u00e4gig der Sonne exponierter Legeh\u00fcgel mit lockerem, grabbarem Substrat<\/p>\n<\/div><\/li><li class=\"fusion-li-item\" style=\"\"><span class=\"icon-wrapper circle-yes\"><i class=\"fusion-li-icon fa-check fas\" aria-hidden=\"true\"><\/i><\/span><div class=\"fusion-li-item-content\">\n<p><strong><span style=\"color: #008000;\">7.<\/span><\/strong> Abgetrennter Bereich f\u00fcr die Aufzucht von Jungtieren<\/p>\n<\/div><\/li><li class=\"fusion-li-item\" style=\"\"><span class=\"icon-wrapper circle-yes\"><i class=\"fusion-li-icon fa-check fas\" aria-hidden=\"true\"><\/i><\/span><div class=\"fusion-li-item-content\">\n<p><strong><span style=\"color: #008000;\">8.<\/span><\/strong> Gehege Abtrennung mit bepflanzbaren L\u00f6ffelsteinen<\/p>\n<\/div><\/li><\/ul><\/div><\/div><\/div><\/div><div class=\"fusion-fullwidth fullwidth-box fusion-builder-row-4 fusion-flex-container hundred-percent-fullwidth non-hundred-percent-height-scrolling\" style=\"--awb-border-radius-top-left:0px;--awb-border-radius-top-right:0px;--awb-border-radius-bottom-right:0px;--awb-border-radius-bottom-left:0px;--awb-overflow:visible;--awb-margin-top:100px;--awb-margin-bottom:100px;--awb-flex-wrap:wrap;\" ><div class=\"fusion-builder-row fusion-row fusion-flex-align-items-flex-start fusion-flex-content-wrap\" style=\"width:104% !important;max-width:104% !important;margin-left: calc(-4% \/ 2 );margin-right: calc(-4% \/ 2 );\"><div class=\"fusion-layout-column fusion_builder_column fusion-builder-column-3 fusion_builder_column_1_1 1_1 fusion-flex-column fusion-flex-align-self-flex-start fusion-column-no-min-height\" style=\"--awb-bg-size:cover;--awb-width-large:100%;--awb-margin-top-large:0px;--awb-spacing-right-large:1.92%;--awb-margin-bottom-large:0px;--awb-spacing-left-large:1.92%;--awb-width-medium:100%;--awb-spacing-right-medium:1.92%;--awb-spacing-left-medium:1.92%;--awb-width-small:100%;--awb-spacing-right-small:1.92%;--awb-spacing-left-small:1.92%;\"><div class=\"fusion-column-wrapper fusion-flex-justify-content-flex-start fusion-content-layout-column\"><div class=\"fusion-title title fusion-title-4 fusion-title-text fusion-title-size-one\" style=\"--awb-text-color:#000000;--awb-margin-top-small:0px;--awb-margin-bottom-small:20px;--awb-font-size:34px;\"><div class=\"title-sep-container title-sep-container-left fusion-no-large-visibility fusion-no-medium-visibility fusion-no-small-visibility\"><div class=\"title-sep sep- sep-solid\" style=\"border-color:#e2e2e2;\"><\/div><\/div><span class=\"awb-title-spacer fusion-no-large-visibility fusion-no-medium-visibility fusion-no-small-visibility\"><\/span><h1 class=\"fusion-title-heading title-heading-left fusion-responsive-typography-calculated\" style=\"margin:0;font-size:1em;--fontSize:34;line-height:1.14;\">Artgerechte Beispiele f\u00fcr Outdooranlagen<\/h1><span class=\"awb-title-spacer\"><\/span><div class=\"title-sep-container title-sep-container-right\"><div class=\"title-sep sep- sep-solid\" style=\"border-color:#e2e2e2;\"><\/div><\/div><\/div><div class=\"fusion-separator fusion-full-width-sep\" style=\"align-self: center;margin-left: auto;margin-right: auto;margin-top:0px;margin-bottom:40px;width:100%;\"><div class=\"fusion-separator-border sep-single sep-solid\" style=\"--awb-height:20px;--awb-amount:20px;--awb-sep-color:#000000;border-color:#000000;border-top-width:1px;\"><\/div><\/div><div class=\"fusion-text fusion-text-5\"><p>Im folgenden Bilderkarussel finden Sie zur Inspiration einige Beispiele und Impressionen von naturnahen und artgerechten Aussenanlagen f\u00fcr Strahlenschildkr\u00f6ten. Um f\u00fcr die Radiatacommunity eine breite und repr\u00e4sentative Vielfalt an artgerechten Outdooranlagen zu zeigen, freuen wir uns sehr \u00fcber das Zusenden von weiteren Bildbeitr\u00e4gen. Alle Beitr\u00e4ge mit mindesten 2000 x 1500 Pixeln (Breite x H\u00f6he) k\u00f6nnen gerne mit Namen und einem Copyright publiziert werden. Wir danken allen Strahlenschildkr\u00f6tenhalter*Innen f\u00fcr ihre freundliche Unterst\u00fctzung!<\/p>\n<\/div><div class=\"fusion-separator fusion-full-width-sep\" style=\"align-self: center;margin-left: auto;margin-right: auto;width:100%;\"><\/div><div class=\"fusion-image-carousel fusion-image-carousel-auto fusion-image-carousel-1 lightbox-enabled awb-image-carousel-top-below-caption\"><div class=\"awb-carousel awb-swiper awb-swiper-carousel awb-carousel--carousel awb-swiper-dots-position-bottom awb-imageframe-style awb-imageframe-style-below awb-imageframe-style-1\" data-layout=\"carousel\" data-autoplay=\"yes\" data-autoplayspeed=\"2500\" data-autoplaypause=\"no\" data-loop=\"yes\" data-columns=\"3\" data-columnsmedium=\"1\" data-columnssmall=\"1\" data-itemmargin=\"30\" data-itemwidth=\"180\" data-touchscroll=\"no\" data-freemode=\"no\" data-imagesize=\"auto\" data-scrollitems=\"0\" data-centeredslides=\"no\" data-rotationangle=\"50\" data-depth=\"100\" data-speed=\"500\" data-shadow=\"no\" data-pagination=\"bullets\" style=\"--awb-columns:3;--awb-column-spacing:30px;\"><div class=\"swiper-wrapper awb-image-carousel-wrapper fusion-flex-align-items-center\"><div class=\"swiper-slide\"><div class=\"fusion-carousel-item-wrapper\"><div class=\"fusion-image-wrapper hover-type-liftup\"><a data-rel=\"iLightbox[image_carousel_1]\" data-title=\"Outdooranlage f\u00fcr Jungtiere mit Schutzhaus aus Alltop | \u00a9 Foto M.E\" aria-label=\"Outdooranlage f\u00fcr Jungtiere mit Schutzhaus aus Alltop | \u00a9 Foto M.E\" href=\"https:\/\/www.radiata.ch\/wp-content\/uploads\/2023\/10\/2000x1500_Outdoor_M.E.jpg\" target=\"_self\"><img decoding=\"async\" width=\"2000\" height=\"1500\" src=\"https:\/\/www.radiata.ch\/wp-content\/uploads\/2023\/10\/2000x1500_Outdoor_M.E.jpg\" class=\"attachment-full size-full lazyload\" alt=\"\" srcset=\"data:image\/svg+xml,%3Csvg%20xmlns%3D%27http%3A%2F%2Fwww.w3.org%2F2000%2Fsvg%27%20width%3D%272000%27%20height%3D%271500%27%20viewBox%3D%270%200%202000%201500%27%3E%3Crect%20width%3D%272000%27%20height%3D%271500%27%20fill-opacity%3D%220%22%2F%3E%3C%2Fsvg%3E\" data-orig-src=\"https:\/\/www.radiata.ch\/wp-content\/uploads\/2023\/10\/2000x1500_Outdoor_M.E.jpg\" data-srcset=\"https:\/\/www.radiata.ch\/wp-content\/uploads\/2023\/10\/2000x1500_Outdoor_M.E-200x150.jpg 200w, https:\/\/www.radiata.ch\/wp-content\/uploads\/2023\/10\/2000x1500_Outdoor_M.E-400x300.jpg 400w, https:\/\/www.radiata.ch\/wp-content\/uploads\/2023\/10\/2000x1500_Outdoor_M.E-600x450.jpg 600w, https:\/\/www.radiata.ch\/wp-content\/uploads\/2023\/10\/2000x1500_Outdoor_M.E-800x600.jpg 800w, https:\/\/www.radiata.ch\/wp-content\/uploads\/2023\/10\/2000x1500_Outdoor_M.E-1200x900.jpg 1200w, https:\/\/www.radiata.ch\/wp-content\/uploads\/2023\/10\/2000x1500_Outdoor_M.E.jpg 2000w\" data-sizes=\"auto\" \/><\/a><\/div><div class=\"awb-imageframe-caption-container\" style=\"text-align:left;\"><div class=\"awb-imageframe-caption\"><h6 class=\"awb-imageframe-caption-title\">Outdooranlage f\u00fcr Jungtiere mit Schutzhaus aus Alltop | \u00a9 Foto M.E<\/h6><\/div><\/div><\/div><\/div><div class=\"swiper-slide\"><div class=\"fusion-carousel-item-wrapper\"><div class=\"fusion-image-wrapper hover-type-liftup\"><a data-rel=\"iLightbox[image_carousel_1]\" data-title=\"Outdooranlage f\u00fcr Jungtiere mit Schutzhaus aus Alltop | \u00a9 Foto Steve Stoll\" aria-label=\"Outdooranlage f\u00fcr Jungtiere mit Schutzhaus aus Alltop | \u00a9 Foto Steve Stoll\" href=\"https:\/\/www.radiata.ch\/wp-content\/uploads\/2022\/07\/Beispiel_Outdooranlage_5.jpg\" target=\"_self\"><img decoding=\"async\" width=\"2000\" height=\"1500\" src=\"https:\/\/www.radiata.ch\/wp-content\/uploads\/2022\/07\/Beispiel_Outdooranlage_5.jpg\" class=\"attachment-full size-full lazyload\" alt=\"\" srcset=\"data:image\/svg+xml,%3Csvg%20xmlns%3D%27http%3A%2F%2Fwww.w3.org%2F2000%2Fsvg%27%20width%3D%272000%27%20height%3D%271500%27%20viewBox%3D%270%200%202000%201500%27%3E%3Crect%20width%3D%272000%27%20height%3D%271500%27%20fill-opacity%3D%220%22%2F%3E%3C%2Fsvg%3E\" data-orig-src=\"https:\/\/www.radiata.ch\/wp-content\/uploads\/2022\/07\/Beispiel_Outdooranlage_5.jpg\" data-srcset=\"https:\/\/www.radiata.ch\/wp-content\/uploads\/2022\/07\/Beispiel_Outdooranlage_5-200x150.jpg 200w, https:\/\/www.radiata.ch\/wp-content\/uploads\/2022\/07\/Beispiel_Outdooranlage_5-400x300.jpg 400w, https:\/\/www.radiata.ch\/wp-content\/uploads\/2022\/07\/Beispiel_Outdooranlage_5-600x450.jpg 600w, https:\/\/www.radiata.ch\/wp-content\/uploads\/2022\/07\/Beispiel_Outdooranlage_5-800x600.jpg 800w, https:\/\/www.radiata.ch\/wp-content\/uploads\/2022\/07\/Beispiel_Outdooranlage_5-1200x900.jpg 1200w, https:\/\/www.radiata.ch\/wp-content\/uploads\/2022\/07\/Beispiel_Outdooranlage_5.jpg 2000w\" data-sizes=\"auto\" \/><\/a><\/div><div class=\"awb-imageframe-caption-container\" style=\"text-align:left;\"><div class=\"awb-imageframe-caption\"><h6 class=\"awb-imageframe-caption-title\">Outdooranlage f\u00fcr Jungtiere mit Schutzhaus aus Alltop | \u00a9 Foto Steve Stoll<\/h6><\/div><\/div><\/div><\/div><div class=\"swiper-slide\"><div class=\"fusion-carousel-item-wrapper\"><div class=\"fusion-image-wrapper hover-type-liftup\"><a data-rel=\"iLightbox[image_carousel_1]\" data-title=\"Naturnahe und gut strukturierte Aussenanlage | \u00a9 Foto Corinne von Gunten\" aria-label=\"Naturnahe und gut strukturierte Aussenanlage | \u00a9 Foto Corinne von Gunten\" href=\"https:\/\/www.radiata.ch\/wp-content\/uploads\/2021\/06\/Naturnahe-und-gut-strukturierte-Aussenanlage-\u00a9-Foto-Corinne-von-Gunten.jpg\" target=\"_self\"><img decoding=\"async\" width=\"2000\" height=\"1500\" src=\"https:\/\/www.radiata.ch\/wp-content\/uploads\/2021\/06\/Naturnahe-und-gut-strukturierte-Aussenanlage-\u00a9-Foto-Corinne-von-Gunten.jpg\" class=\"attachment-full size-full lazyload\" alt=\"\" srcset=\"data:image\/svg+xml,%3Csvg%20xmlns%3D%27http%3A%2F%2Fwww.w3.org%2F2000%2Fsvg%27%20width%3D%272000%27%20height%3D%271500%27%20viewBox%3D%270%200%202000%201500%27%3E%3Crect%20width%3D%272000%27%20height%3D%271500%27%20fill-opacity%3D%220%22%2F%3E%3C%2Fsvg%3E\" data-orig-src=\"https:\/\/www.radiata.ch\/wp-content\/uploads\/2021\/06\/Naturnahe-und-gut-strukturierte-Aussenanlage-\u00a9-Foto-Corinne-von-Gunten.jpg\" data-srcset=\"https:\/\/www.radiata.ch\/wp-content\/uploads\/2021\/06\/Naturnahe-und-gut-strukturierte-Aussenanlage-\u00a9-Foto-Corinne-von-Gunten-200x150.jpg 200w, https:\/\/www.radiata.ch\/wp-content\/uploads\/2021\/06\/Naturnahe-und-gut-strukturierte-Aussenanlage-\u00a9-Foto-Corinne-von-Gunten-400x300.jpg 400w, https:\/\/www.radiata.ch\/wp-content\/uploads\/2021\/06\/Naturnahe-und-gut-strukturierte-Aussenanlage-\u00a9-Foto-Corinne-von-Gunten-600x450.jpg 600w, https:\/\/www.radiata.ch\/wp-content\/uploads\/2021\/06\/Naturnahe-und-gut-strukturierte-Aussenanlage-\u00a9-Foto-Corinne-von-Gunten-800x600.jpg 800w, https:\/\/www.radiata.ch\/wp-content\/uploads\/2021\/06\/Naturnahe-und-gut-strukturierte-Aussenanlage-\u00a9-Foto-Corinne-von-Gunten-1200x900.jpg 1200w, https:\/\/www.radiata.ch\/wp-content\/uploads\/2021\/06\/Naturnahe-und-gut-strukturierte-Aussenanlage-\u00a9-Foto-Corinne-von-Gunten.jpg 2000w\" data-sizes=\"auto\" \/><\/a><\/div><div class=\"awb-imageframe-caption-container\" style=\"text-align:left;\"><div class=\"awb-imageframe-caption\"><h6 class=\"awb-imageframe-caption-title\">Naturnahe und gut strukturierte Aussenanlage | \u00a9 Foto Corinne von Gunten<\/h6><\/div><\/div><\/div><\/div><div class=\"swiper-slide\"><div class=\"fusion-carousel-item-wrapper\"><div class=\"fusion-image-wrapper hover-type-liftup\"><a data-rel=\"iLightbox[image_carousel_1]\" data-title=\"Weidebereich | \u00a9 Foto Steve Stoll.jpg\" aria-label=\"Weidebereich | \u00a9 Foto Steve Stoll.jpg\" href=\"https:\/\/www.radiata.ch\/wp-content\/uploads\/2021\/06\/Weidebereich-\u00a9-Foto-Steve-Stoll.jpg.jpg\" target=\"_self\"><img decoding=\"async\" width=\"2000\" height=\"1500\" src=\"https:\/\/www.radiata.ch\/wp-content\/uploads\/2021\/06\/Weidebereich-\u00a9-Foto-Steve-Stoll.jpg.jpg\" class=\"attachment-full size-full lazyload\" alt=\"\" srcset=\"data:image\/svg+xml,%3Csvg%20xmlns%3D%27http%3A%2F%2Fwww.w3.org%2F2000%2Fsvg%27%20width%3D%272000%27%20height%3D%271500%27%20viewBox%3D%270%200%202000%201500%27%3E%3Crect%20width%3D%272000%27%20height%3D%271500%27%20fill-opacity%3D%220%22%2F%3E%3C%2Fsvg%3E\" data-orig-src=\"https:\/\/www.radiata.ch\/wp-content\/uploads\/2021\/06\/Weidebereich-\u00a9-Foto-Steve-Stoll.jpg.jpg\" data-srcset=\"https:\/\/www.radiata.ch\/wp-content\/uploads\/2021\/06\/Weidebereich-\u00a9-Foto-Steve-Stoll.jpg-200x150.jpg 200w, https:\/\/www.radiata.ch\/wp-content\/uploads\/2021\/06\/Weidebereich-\u00a9-Foto-Steve-Stoll.jpg-400x300.jpg 400w, https:\/\/www.radiata.ch\/wp-content\/uploads\/2021\/06\/Weidebereich-\u00a9-Foto-Steve-Stoll.jpg-600x450.jpg 600w, https:\/\/www.radiata.ch\/wp-content\/uploads\/2021\/06\/Weidebereich-\u00a9-Foto-Steve-Stoll.jpg-800x600.jpg 800w, https:\/\/www.radiata.ch\/wp-content\/uploads\/2021\/06\/Weidebereich-\u00a9-Foto-Steve-Stoll.jpg-1200x900.jpg 1200w, https:\/\/www.radiata.ch\/wp-content\/uploads\/2021\/06\/Weidebereich-\u00a9-Foto-Steve-Stoll.jpg.jpg 2000w\" data-sizes=\"auto\" \/><\/a><\/div><div class=\"awb-imageframe-caption-container\" style=\"text-align:left;\"><div class=\"awb-imageframe-caption\"><h6 class=\"awb-imageframe-caption-title\">Weidebereich | \u00a9 Foto Steve Stoll.jpg<\/h6><\/div><\/div><\/div><\/div><div class=\"swiper-slide\"><div class=\"fusion-carousel-item-wrapper\"><div class=\"fusion-image-wrapper hover-type-liftup\"><a data-rel=\"iLightbox[image_carousel_1]\" data-title=\"Schutzhu\u0308tte mit HQI Strahler | \u00a9 Foto Steve Stoll\" aria-label=\"Schutzhu\u0308tte mit HQI Strahler | \u00a9 Foto Steve Stoll\" href=\"https:\/\/www.radiata.ch\/wp-content\/uploads\/2021\/06\/Schutzhu\u0308tte-mit-HQI-Strahler-\u00a9-Foto-Steve-Stoll.jpg\" target=\"_self\"><img decoding=\"async\" width=\"2000\" height=\"1500\" src=\"https:\/\/www.radiata.ch\/wp-content\/uploads\/2021\/06\/Schutzhu\u0308tte-mit-HQI-Strahler-\u00a9-Foto-Steve-Stoll.jpg\" class=\"attachment-full size-full lazyload\" alt=\"\" srcset=\"data:image\/svg+xml,%3Csvg%20xmlns%3D%27http%3A%2F%2Fwww.w3.org%2F2000%2Fsvg%27%20width%3D%272000%27%20height%3D%271500%27%20viewBox%3D%270%200%202000%201500%27%3E%3Crect%20width%3D%272000%27%20height%3D%271500%27%20fill-opacity%3D%220%22%2F%3E%3C%2Fsvg%3E\" data-orig-src=\"https:\/\/www.radiata.ch\/wp-content\/uploads\/2021\/06\/Schutzhu\u0308tte-mit-HQI-Strahler-\u00a9-Foto-Steve-Stoll.jpg\" data-srcset=\"https:\/\/www.radiata.ch\/wp-content\/uploads\/2021\/06\/Schutzhu\u0308tte-mit-HQI-Strahler-\u00a9-Foto-Steve-Stoll-200x150.jpg 200w, https:\/\/www.radiata.ch\/wp-content\/uploads\/2021\/06\/Schutzhu\u0308tte-mit-HQI-Strahler-\u00a9-Foto-Steve-Stoll-400x300.jpg 400w, https:\/\/www.radiata.ch\/wp-content\/uploads\/2021\/06\/Schutzhu\u0308tte-mit-HQI-Strahler-\u00a9-Foto-Steve-Stoll-600x450.jpg 600w, https:\/\/www.radiata.ch\/wp-content\/uploads\/2021\/06\/Schutzhu\u0308tte-mit-HQI-Strahler-\u00a9-Foto-Steve-Stoll-800x600.jpg 800w, https:\/\/www.radiata.ch\/wp-content\/uploads\/2021\/06\/Schutzhu\u0308tte-mit-HQI-Strahler-\u00a9-Foto-Steve-Stoll-1200x900.jpg 1200w, https:\/\/www.radiata.ch\/wp-content\/uploads\/2021\/06\/Schutzhu\u0308tte-mit-HQI-Strahler-\u00a9-Foto-Steve-Stoll.jpg 2000w\" data-sizes=\"auto\" \/><\/a><\/div><div class=\"awb-imageframe-caption-container\" style=\"text-align:left;\"><div class=\"awb-imageframe-caption\"><h6 class=\"awb-imageframe-caption-title\">Schutzhu\u0308tte mit HQI Strahler | \u00a9 Foto Steve Stoll<\/h6><\/div><\/div><\/div><\/div><div class=\"swiper-slide\"><div class=\"fusion-carousel-item-wrapper\"><div class=\"fusion-image-wrapper hover-type-liftup\"><a data-rel=\"iLightbox[image_carousel_1]\" data-title=\"Sandiger Sonnenplatz | \u00a9 Foto Steve Stoll\" aria-label=\"Sandiger Sonnenplatz | \u00a9 Foto Steve Stoll\" href=\"https:\/\/www.radiata.ch\/wp-content\/uploads\/2021\/06\/Sandiger-Sonnenplatz-\u00a9-Foto-Steve-Stoll.jpg\" target=\"_self\"><img decoding=\"async\" width=\"2000\" height=\"1500\" src=\"https:\/\/www.radiata.ch\/wp-content\/uploads\/2021\/06\/Sandiger-Sonnenplatz-\u00a9-Foto-Steve-Stoll.jpg\" class=\"attachment-full size-full lazyload\" alt=\"\" srcset=\"data:image\/svg+xml,%3Csvg%20xmlns%3D%27http%3A%2F%2Fwww.w3.org%2F2000%2Fsvg%27%20width%3D%272000%27%20height%3D%271500%27%20viewBox%3D%270%200%202000%201500%27%3E%3Crect%20width%3D%272000%27%20height%3D%271500%27%20fill-opacity%3D%220%22%2F%3E%3C%2Fsvg%3E\" data-orig-src=\"https:\/\/www.radiata.ch\/wp-content\/uploads\/2021\/06\/Sandiger-Sonnenplatz-\u00a9-Foto-Steve-Stoll.jpg\" data-srcset=\"https:\/\/www.radiata.ch\/wp-content\/uploads\/2021\/06\/Sandiger-Sonnenplatz-\u00a9-Foto-Steve-Stoll-200x150.jpg 200w, https:\/\/www.radiata.ch\/wp-content\/uploads\/2021\/06\/Sandiger-Sonnenplatz-\u00a9-Foto-Steve-Stoll-400x300.jpg 400w, https:\/\/www.radiata.ch\/wp-content\/uploads\/2021\/06\/Sandiger-Sonnenplatz-\u00a9-Foto-Steve-Stoll-600x450.jpg 600w, https:\/\/www.radiata.ch\/wp-content\/uploads\/2021\/06\/Sandiger-Sonnenplatz-\u00a9-Foto-Steve-Stoll-800x600.jpg 800w, https:\/\/www.radiata.ch\/wp-content\/uploads\/2021\/06\/Sandiger-Sonnenplatz-\u00a9-Foto-Steve-Stoll-1200x900.jpg 1200w, https:\/\/www.radiata.ch\/wp-content\/uploads\/2021\/06\/Sandiger-Sonnenplatz-\u00a9-Foto-Steve-Stoll.jpg 2000w\" data-sizes=\"auto\" \/><\/a><\/div><div class=\"awb-imageframe-caption-container\" style=\"text-align:left;\"><div class=\"awb-imageframe-caption\"><h6 class=\"awb-imageframe-caption-title\">Sandiger Sonnenplatz | \u00a9 Foto Steve Stoll<\/h6><\/div><\/div><\/div><\/div><div class=\"swiper-slide\"><div class=\"fusion-carousel-item-wrapper\"><div class=\"fusion-image-wrapper hover-type-liftup\"><a data-rel=\"iLightbox[image_carousel_1]\" data-title=\"Outdooranlage mit grossem Gewa\u0308chshaus | \u00a9 Foto Alexander Will\" aria-label=\"Outdooranlage mit grossem Gewa\u0308chshaus | \u00a9 Foto Alexander Will\" href=\"https:\/\/www.radiata.ch\/wp-content\/uploads\/2021\/06\/Outdooranlage-mit-grossem-Gewa\u0308chshaus-\u00a9-Foto-Alexander-Will.jpg\" target=\"_self\"><img decoding=\"async\" width=\"2000\" height=\"1500\" src=\"https:\/\/www.radiata.ch\/wp-content\/uploads\/2021\/06\/Outdooranlage-mit-grossem-Gewa\u0308chshaus-\u00a9-Foto-Alexander-Will.jpg\" class=\"attachment-full size-full lazyload\" alt=\"\" srcset=\"data:image\/svg+xml,%3Csvg%20xmlns%3D%27http%3A%2F%2Fwww.w3.org%2F2000%2Fsvg%27%20width%3D%272000%27%20height%3D%271500%27%20viewBox%3D%270%200%202000%201500%27%3E%3Crect%20width%3D%272000%27%20height%3D%271500%27%20fill-opacity%3D%220%22%2F%3E%3C%2Fsvg%3E\" data-orig-src=\"https:\/\/www.radiata.ch\/wp-content\/uploads\/2021\/06\/Outdooranlage-mit-grossem-Gewa\u0308chshaus-\u00a9-Foto-Alexander-Will.jpg\" data-srcset=\"https:\/\/www.radiata.ch\/wp-content\/uploads\/2021\/06\/Outdooranlage-mit-grossem-Gewa\u0308chshaus-\u00a9-Foto-Alexander-Will-200x150.jpg 200w, https:\/\/www.radiata.ch\/wp-content\/uploads\/2021\/06\/Outdooranlage-mit-grossem-Gewa\u0308chshaus-\u00a9-Foto-Alexander-Will-400x300.jpg 400w, https:\/\/www.radiata.ch\/wp-content\/uploads\/2021\/06\/Outdooranlage-mit-grossem-Gewa\u0308chshaus-\u00a9-Foto-Alexander-Will-600x450.jpg 600w, https:\/\/www.radiata.ch\/wp-content\/uploads\/2021\/06\/Outdooranlage-mit-grossem-Gewa\u0308chshaus-\u00a9-Foto-Alexander-Will-800x600.jpg 800w, https:\/\/www.radiata.ch\/wp-content\/uploads\/2021\/06\/Outdooranlage-mit-grossem-Gewa\u0308chshaus-\u00a9-Foto-Alexander-Will-1200x900.jpg 1200w, https:\/\/www.radiata.ch\/wp-content\/uploads\/2021\/06\/Outdooranlage-mit-grossem-Gewa\u0308chshaus-\u00a9-Foto-Alexander-Will.jpg 2000w\" data-sizes=\"auto\" \/><\/a><\/div><div class=\"awb-imageframe-caption-container\" style=\"text-align:left;\"><div class=\"awb-imageframe-caption\"><h6 class=\"awb-imageframe-caption-title\">Outdooranlage mit grossem Gewa\u0308chshaus | \u00a9 Foto Alexander Will<\/h6><\/div><\/div><\/div><\/div><div class=\"swiper-slide\"><div class=\"fusion-carousel-item-wrapper\"><div class=\"fusion-image-wrapper hover-type-liftup\"><a data-rel=\"iLightbox[image_carousel_1]\" data-title=\"Outdooranlage mit beheizbarem Schutzhaus fu\u0308r kleine Strahlenschildkro\u0308ten | \u00a9 Foto Steve Stoll\" aria-label=\"Outdooranlage mit beheizbarem Schutzhaus fu\u0308r kleine Strahlenschildkro\u0308ten | \u00a9 Foto Steve Stoll\" href=\"https:\/\/www.radiata.ch\/wp-content\/uploads\/2021\/06\/Outdooranlage-mit-beheizbarem-Schutzhaus-fu\u0308r-kleine-Strahlenschildkro\u0308ten-\u00a9-Foto-Steve-Stoll.jpg\" target=\"_self\"><img decoding=\"async\" width=\"2000\" height=\"1500\" src=\"https:\/\/www.radiata.ch\/wp-content\/uploads\/2021\/06\/Outdooranlage-mit-beheizbarem-Schutzhaus-fu\u0308r-kleine-Strahlenschildkro\u0308ten-\u00a9-Foto-Steve-Stoll.jpg\" class=\"attachment-full size-full lazyload\" alt=\"\" srcset=\"data:image\/svg+xml,%3Csvg%20xmlns%3D%27http%3A%2F%2Fwww.w3.org%2F2000%2Fsvg%27%20width%3D%272000%27%20height%3D%271500%27%20viewBox%3D%270%200%202000%201500%27%3E%3Crect%20width%3D%272000%27%20height%3D%271500%27%20fill-opacity%3D%220%22%2F%3E%3C%2Fsvg%3E\" data-orig-src=\"https:\/\/www.radiata.ch\/wp-content\/uploads\/2021\/06\/Outdooranlage-mit-beheizbarem-Schutzhaus-fu\u0308r-kleine-Strahlenschildkro\u0308ten-\u00a9-Foto-Steve-Stoll.jpg\" data-srcset=\"https:\/\/www.radiata.ch\/wp-content\/uploads\/2021\/06\/Outdooranlage-mit-beheizbarem-Schutzhaus-fu\u0308r-kleine-Strahlenschildkro\u0308ten-\u00a9-Foto-Steve-Stoll-200x150.jpg 200w, https:\/\/www.radiata.ch\/wp-content\/uploads\/2021\/06\/Outdooranlage-mit-beheizbarem-Schutzhaus-fu\u0308r-kleine-Strahlenschildkro\u0308ten-\u00a9-Foto-Steve-Stoll-400x300.jpg 400w, https:\/\/www.radiata.ch\/wp-content\/uploads\/2021\/06\/Outdooranlage-mit-beheizbarem-Schutzhaus-fu\u0308r-kleine-Strahlenschildkro\u0308ten-\u00a9-Foto-Steve-Stoll-600x450.jpg 600w, https:\/\/www.radiata.ch\/wp-content\/uploads\/2021\/06\/Outdooranlage-mit-beheizbarem-Schutzhaus-fu\u0308r-kleine-Strahlenschildkro\u0308ten-\u00a9-Foto-Steve-Stoll-800x600.jpg 800w, https:\/\/www.radiata.ch\/wp-content\/uploads\/2021\/06\/Outdooranlage-mit-beheizbarem-Schutzhaus-fu\u0308r-kleine-Strahlenschildkro\u0308ten-\u00a9-Foto-Steve-Stoll-1200x900.jpg 1200w, https:\/\/www.radiata.ch\/wp-content\/uploads\/2021\/06\/Outdooranlage-mit-beheizbarem-Schutzhaus-fu\u0308r-kleine-Strahlenschildkro\u0308ten-\u00a9-Foto-Steve-Stoll.jpg 2000w\" data-sizes=\"auto\" \/><\/a><\/div><div class=\"awb-imageframe-caption-container\" style=\"text-align:left;\"><div class=\"awb-imageframe-caption\"><h6 class=\"awb-imageframe-caption-title\">Outdooranlage mit beheizbarem Schutzhaus fu\u0308r kleine Strahlenschildkro\u0308ten | \u00a9 Foto Steve Stoll<\/h6><\/div><\/div><\/div><\/div><div class=\"swiper-slide\"><div class=\"fusion-carousel-item-wrapper\"><div class=\"fusion-image-wrapper hover-type-liftup\"><a data-rel=\"iLightbox[image_carousel_1]\" data-title=\"Outdooranlage fu\u0308r Jungtiere mit niederen Grasbu\u0308scheln im Hintergrund | \u00a9 Foto Steve Stoll\" aria-label=\"Outdooranlage fu\u0308r Jungtiere mit niederen Grasbu\u0308scheln im Hintergrund | \u00a9 Foto Steve Stoll\" href=\"https:\/\/www.radiata.ch\/wp-content\/uploads\/2021\/06\/Outdooranlage-fu\u0308r-Jungtiere-mit-niederen-Grasbu\u0308scheln-im-Hintergrund-\u00a9-Foto-Steve-Stoll.jpg\" target=\"_self\"><img decoding=\"async\" width=\"2000\" height=\"1500\" src=\"https:\/\/www.radiata.ch\/wp-content\/uploads\/2021\/06\/Outdooranlage-fu\u0308r-Jungtiere-mit-niederen-Grasbu\u0308scheln-im-Hintergrund-\u00a9-Foto-Steve-Stoll.jpg\" class=\"attachment-full size-full lazyload\" alt=\"\" srcset=\"data:image\/svg+xml,%3Csvg%20xmlns%3D%27http%3A%2F%2Fwww.w3.org%2F2000%2Fsvg%27%20width%3D%272000%27%20height%3D%271500%27%20viewBox%3D%270%200%202000%201500%27%3E%3Crect%20width%3D%272000%27%20height%3D%271500%27%20fill-opacity%3D%220%22%2F%3E%3C%2Fsvg%3E\" data-orig-src=\"https:\/\/www.radiata.ch\/wp-content\/uploads\/2021\/06\/Outdooranlage-fu\u0308r-Jungtiere-mit-niederen-Grasbu\u0308scheln-im-Hintergrund-\u00a9-Foto-Steve-Stoll.jpg\" data-srcset=\"https:\/\/www.radiata.ch\/wp-content\/uploads\/2021\/06\/Outdooranlage-fu\u0308r-Jungtiere-mit-niederen-Grasbu\u0308scheln-im-Hintergrund-\u00a9-Foto-Steve-Stoll-200x150.jpg 200w, https:\/\/www.radiata.ch\/wp-content\/uploads\/2021\/06\/Outdooranlage-fu\u0308r-Jungtiere-mit-niederen-Grasbu\u0308scheln-im-Hintergrund-\u00a9-Foto-Steve-Stoll-400x300.jpg 400w, https:\/\/www.radiata.ch\/wp-content\/uploads\/2021\/06\/Outdooranlage-fu\u0308r-Jungtiere-mit-niederen-Grasbu\u0308scheln-im-Hintergrund-\u00a9-Foto-Steve-Stoll-600x450.jpg 600w, https:\/\/www.radiata.ch\/wp-content\/uploads\/2021\/06\/Outdooranlage-fu\u0308r-Jungtiere-mit-niederen-Grasbu\u0308scheln-im-Hintergrund-\u00a9-Foto-Steve-Stoll-800x600.jpg 800w, https:\/\/www.radiata.ch\/wp-content\/uploads\/2021\/06\/Outdooranlage-fu\u0308r-Jungtiere-mit-niederen-Grasbu\u0308scheln-im-Hintergrund-\u00a9-Foto-Steve-Stoll-1200x900.jpg 1200w, https:\/\/www.radiata.ch\/wp-content\/uploads\/2021\/06\/Outdooranlage-fu\u0308r-Jungtiere-mit-niederen-Grasbu\u0308scheln-im-Hintergrund-\u00a9-Foto-Steve-Stoll.jpg 2000w\" data-sizes=\"auto\" \/><\/a><\/div><div class=\"awb-imageframe-caption-container\" style=\"text-align:left;\"><div class=\"awb-imageframe-caption\"><h6 class=\"awb-imageframe-caption-title\">Outdooranlage fu\u0308r Jungtiere mit niederen Grasbu\u0308scheln im Hintergrund | \u00a9 Foto Steve Stoll<\/h6><\/div><\/div><\/div><\/div><div class=\"swiper-slide\"><div class=\"fusion-carousel-item-wrapper\"><div class=\"fusion-image-wrapper hover-type-liftup\"><a data-rel=\"iLightbox[image_carousel_1]\" data-title=\"Lichte, sandige Stellen mit Graslandschaft im Hintergrund | \u00a9 Foto Steve Stoll\" aria-label=\"Lichte, sandige Stellen mit Graslandschaft im Hintergrund | \u00a9 Foto Steve Stoll\" href=\"https:\/\/www.radiata.ch\/wp-content\/uploads\/2021\/06\/Lichte-sandige-Stellen-mit-Graslandschaft-\u00a9-Foto-Steve-Stoll.jpg\" target=\"_self\"><img decoding=\"async\" width=\"2000\" height=\"1500\" src=\"https:\/\/www.radiata.ch\/wp-content\/uploads\/2021\/06\/Lichte-sandige-Stellen-mit-Graslandschaft-\u00a9-Foto-Steve-Stoll.jpg\" class=\"attachment-full size-full lazyload\" alt=\"\" srcset=\"data:image\/svg+xml,%3Csvg%20xmlns%3D%27http%3A%2F%2Fwww.w3.org%2F2000%2Fsvg%27%20width%3D%272000%27%20height%3D%271500%27%20viewBox%3D%270%200%202000%201500%27%3E%3Crect%20width%3D%272000%27%20height%3D%271500%27%20fill-opacity%3D%220%22%2F%3E%3C%2Fsvg%3E\" data-orig-src=\"https:\/\/www.radiata.ch\/wp-content\/uploads\/2021\/06\/Lichte-sandige-Stellen-mit-Graslandschaft-\u00a9-Foto-Steve-Stoll.jpg\" data-srcset=\"https:\/\/www.radiata.ch\/wp-content\/uploads\/2021\/06\/Lichte-sandige-Stellen-mit-Graslandschaft-\u00a9-Foto-Steve-Stoll-200x150.jpg 200w, https:\/\/www.radiata.ch\/wp-content\/uploads\/2021\/06\/Lichte-sandige-Stellen-mit-Graslandschaft-\u00a9-Foto-Steve-Stoll-400x300.jpg 400w, https:\/\/www.radiata.ch\/wp-content\/uploads\/2021\/06\/Lichte-sandige-Stellen-mit-Graslandschaft-\u00a9-Foto-Steve-Stoll-600x450.jpg 600w, https:\/\/www.radiata.ch\/wp-content\/uploads\/2021\/06\/Lichte-sandige-Stellen-mit-Graslandschaft-\u00a9-Foto-Steve-Stoll-800x600.jpg 800w, https:\/\/www.radiata.ch\/wp-content\/uploads\/2021\/06\/Lichte-sandige-Stellen-mit-Graslandschaft-\u00a9-Foto-Steve-Stoll-1200x900.jpg 1200w, https:\/\/www.radiata.ch\/wp-content\/uploads\/2021\/06\/Lichte-sandige-Stellen-mit-Graslandschaft-\u00a9-Foto-Steve-Stoll.jpg 2000w\" data-sizes=\"auto\" \/><\/a><\/div><div class=\"awb-imageframe-caption-container\" style=\"text-align:left;\"><div class=\"awb-imageframe-caption\"><h6 class=\"awb-imageframe-caption-title\">Lichte, sandige Stellen mit Graslandschaft im Hintergrund | \u00a9 Foto Steve Stoll<\/h6><\/div><\/div><\/div><\/div><div class=\"swiper-slide\"><div class=\"fusion-carousel-item-wrapper\"><div class=\"fusion-image-wrapper hover-type-liftup\"><a data-rel=\"iLightbox[image_carousel_1]\" data-title=\"Legehu\u0308gel aus Sand | \u00a9 Foto Steve Stoll\" aria-label=\"Legehu\u0308gel aus Sand | \u00a9 Foto Steve Stoll\" href=\"https:\/\/www.radiata.ch\/wp-content\/uploads\/2021\/06\/Legehu\u0308gel-aus-Sand-\u00a9-Foto-Steve-Stoll.jpg\" target=\"_self\"><img decoding=\"async\" width=\"2000\" height=\"1500\" src=\"https:\/\/www.radiata.ch\/wp-content\/uploads\/2021\/06\/Legehu\u0308gel-aus-Sand-\u00a9-Foto-Steve-Stoll.jpg\" class=\"attachment-full size-full lazyload\" alt=\"\" srcset=\"data:image\/svg+xml,%3Csvg%20xmlns%3D%27http%3A%2F%2Fwww.w3.org%2F2000%2Fsvg%27%20width%3D%272000%27%20height%3D%271500%27%20viewBox%3D%270%200%202000%201500%27%3E%3Crect%20width%3D%272000%27%20height%3D%271500%27%20fill-opacity%3D%220%22%2F%3E%3C%2Fsvg%3E\" data-orig-src=\"https:\/\/www.radiata.ch\/wp-content\/uploads\/2021\/06\/Legehu\u0308gel-aus-Sand-\u00a9-Foto-Steve-Stoll.jpg\" data-srcset=\"https:\/\/www.radiata.ch\/wp-content\/uploads\/2021\/06\/Legehu\u0308gel-aus-Sand-\u00a9-Foto-Steve-Stoll-200x150.jpg 200w, https:\/\/www.radiata.ch\/wp-content\/uploads\/2021\/06\/Legehu\u0308gel-aus-Sand-\u00a9-Foto-Steve-Stoll-400x300.jpg 400w, https:\/\/www.radiata.ch\/wp-content\/uploads\/2021\/06\/Legehu\u0308gel-aus-Sand-\u00a9-Foto-Steve-Stoll-600x450.jpg 600w, https:\/\/www.radiata.ch\/wp-content\/uploads\/2021\/06\/Legehu\u0308gel-aus-Sand-\u00a9-Foto-Steve-Stoll-800x600.jpg 800w, https:\/\/www.radiata.ch\/wp-content\/uploads\/2021\/06\/Legehu\u0308gel-aus-Sand-\u00a9-Foto-Steve-Stoll-1200x900.jpg 1200w, https:\/\/www.radiata.ch\/wp-content\/uploads\/2021\/06\/Legehu\u0308gel-aus-Sand-\u00a9-Foto-Steve-Stoll.jpg 2000w\" data-sizes=\"auto\" \/><\/a><\/div><div class=\"awb-imageframe-caption-container\" style=\"text-align:left;\"><div class=\"awb-imageframe-caption\"><h6 class=\"awb-imageframe-caption-title\">Legehu\u0308gel aus Sand | \u00a9 Foto Steve Stoll<\/h6><\/div><\/div><\/div><\/div><div class=\"swiper-slide\"><div class=\"fusion-carousel-item-wrapper\"><div class=\"fusion-image-wrapper hover-type-liftup\"><a data-rel=\"iLightbox[image_carousel_1]\" data-title=\"Im hohen Gras eingekuhlte Strahlenschildkro\u0308te | \u00a9 Foto Steve Stoll\" aria-label=\"Im hohen Gras eingekuhlte Strahlenschildkro\u0308te | \u00a9 Foto Steve Stoll\" href=\"https:\/\/www.radiata.ch\/wp-content\/uploads\/2021\/06\/Im-hohen-Gras-eingekuhlte-Strahlenschildkro\u0308te-\u00a9-Foto-Steve-Stoll.jpg\" target=\"_self\"><img decoding=\"async\" width=\"2000\" height=\"1500\" src=\"https:\/\/www.radiata.ch\/wp-content\/uploads\/2021\/06\/Im-hohen-Gras-eingekuhlte-Strahlenschildkro\u0308te-\u00a9-Foto-Steve-Stoll.jpg\" class=\"attachment-full size-full lazyload\" alt=\"\" srcset=\"data:image\/svg+xml,%3Csvg%20xmlns%3D%27http%3A%2F%2Fwww.w3.org%2F2000%2Fsvg%27%20width%3D%272000%27%20height%3D%271500%27%20viewBox%3D%270%200%202000%201500%27%3E%3Crect%20width%3D%272000%27%20height%3D%271500%27%20fill-opacity%3D%220%22%2F%3E%3C%2Fsvg%3E\" data-orig-src=\"https:\/\/www.radiata.ch\/wp-content\/uploads\/2021\/06\/Im-hohen-Gras-eingekuhlte-Strahlenschildkro\u0308te-\u00a9-Foto-Steve-Stoll.jpg\" data-srcset=\"https:\/\/www.radiata.ch\/wp-content\/uploads\/2021\/06\/Im-hohen-Gras-eingekuhlte-Strahlenschildkro\u0308te-\u00a9-Foto-Steve-Stoll-200x150.jpg 200w, https:\/\/www.radiata.ch\/wp-content\/uploads\/2021\/06\/Im-hohen-Gras-eingekuhlte-Strahlenschildkro\u0308te-\u00a9-Foto-Steve-Stoll-400x300.jpg 400w, https:\/\/www.radiata.ch\/wp-content\/uploads\/2021\/06\/Im-hohen-Gras-eingekuhlte-Strahlenschildkro\u0308te-\u00a9-Foto-Steve-Stoll-600x450.jpg 600w, https:\/\/www.radiata.ch\/wp-content\/uploads\/2021\/06\/Im-hohen-Gras-eingekuhlte-Strahlenschildkro\u0308te-\u00a9-Foto-Steve-Stoll-800x600.jpg 800w, https:\/\/www.radiata.ch\/wp-content\/uploads\/2021\/06\/Im-hohen-Gras-eingekuhlte-Strahlenschildkro\u0308te-\u00a9-Foto-Steve-Stoll-1200x900.jpg 1200w, https:\/\/www.radiata.ch\/wp-content\/uploads\/2021\/06\/Im-hohen-Gras-eingekuhlte-Strahlenschildkro\u0308te-\u00a9-Foto-Steve-Stoll.jpg 2000w\" data-sizes=\"auto\" \/><\/a><\/div><div class=\"awb-imageframe-caption-container\" style=\"text-align:left;\"><div class=\"awb-imageframe-caption\"><h6 class=\"awb-imageframe-caption-title\">Im hohen Gras eingekuhlte Strahlenschildkro\u0308te | \u00a9 Foto Steve Stoll<\/h6><\/div><\/div><\/div><\/div><div class=\"swiper-slide\"><div class=\"fusion-carousel-item-wrapper\"><div class=\"fusion-image-wrapper hover-type-liftup\"><a data-rel=\"iLightbox[image_carousel_1]\" data-title=\"Gras und Buschlandschaft | \u00a9 Foto Steve Stoll\" aria-label=\"Gras und Buschlandschaft | \u00a9 Foto Steve Stoll\" href=\"https:\/\/www.radiata.ch\/wp-content\/uploads\/2021\/06\/Gras-und-Buschlandschaft-\u00a9-Foto-Steve-Stoll.jpg\" target=\"_self\"><img decoding=\"async\" width=\"2000\" height=\"1500\" src=\"https:\/\/www.radiata.ch\/wp-content\/uploads\/2021\/06\/Gras-und-Buschlandschaft-\u00a9-Foto-Steve-Stoll.jpg\" class=\"attachment-full size-full lazyload\" alt=\"\" srcset=\"data:image\/svg+xml,%3Csvg%20xmlns%3D%27http%3A%2F%2Fwww.w3.org%2F2000%2Fsvg%27%20width%3D%272000%27%20height%3D%271500%27%20viewBox%3D%270%200%202000%201500%27%3E%3Crect%20width%3D%272000%27%20height%3D%271500%27%20fill-opacity%3D%220%22%2F%3E%3C%2Fsvg%3E\" data-orig-src=\"https:\/\/www.radiata.ch\/wp-content\/uploads\/2021\/06\/Gras-und-Buschlandschaft-\u00a9-Foto-Steve-Stoll.jpg\" data-srcset=\"https:\/\/www.radiata.ch\/wp-content\/uploads\/2021\/06\/Gras-und-Buschlandschaft-\u00a9-Foto-Steve-Stoll-200x150.jpg 200w, https:\/\/www.radiata.ch\/wp-content\/uploads\/2021\/06\/Gras-und-Buschlandschaft-\u00a9-Foto-Steve-Stoll-400x300.jpg 400w, https:\/\/www.radiata.ch\/wp-content\/uploads\/2021\/06\/Gras-und-Buschlandschaft-\u00a9-Foto-Steve-Stoll-600x450.jpg 600w, https:\/\/www.radiata.ch\/wp-content\/uploads\/2021\/06\/Gras-und-Buschlandschaft-\u00a9-Foto-Steve-Stoll-800x600.jpg 800w, https:\/\/www.radiata.ch\/wp-content\/uploads\/2021\/06\/Gras-und-Buschlandschaft-\u00a9-Foto-Steve-Stoll-1200x900.jpg 1200w, https:\/\/www.radiata.ch\/wp-content\/uploads\/2021\/06\/Gras-und-Buschlandschaft-\u00a9-Foto-Steve-Stoll.jpg 2000w\" data-sizes=\"auto\" \/><\/a><\/div><div class=\"awb-imageframe-caption-container\" style=\"text-align:left;\"><div class=\"awb-imageframe-caption\"><h6 class=\"awb-imageframe-caption-title\">Gras und Buschlandschaft | \u00a9 Foto Steve Stoll<\/h6><\/div><\/div><\/div><\/div><div class=\"swiper-slide\"><div class=\"fusion-carousel-item-wrapper\"><div class=\"fusion-image-wrapper hover-type-liftup\"><a data-rel=\"iLightbox[image_carousel_1]\" data-title=\"Geschu\u0308tzter Eingang zum Gewa\u0308chshaus | \u00a9 Foto Alexander Will\" aria-label=\"Geschu\u0308tzter Eingang zum Gewa\u0308chshaus | \u00a9 Foto Alexander Will\" href=\"https:\/\/www.radiata.ch\/wp-content\/uploads\/2021\/06\/Geschu\u0308tzter-Eingang-zum-Gewa\u0308chshaus-\u00a9-Foto-Alexander-Will.jpg\" target=\"_self\"><img decoding=\"async\" width=\"2000\" height=\"1500\" src=\"https:\/\/www.radiata.ch\/wp-content\/uploads\/2021\/06\/Geschu\u0308tzter-Eingang-zum-Gewa\u0308chshaus-\u00a9-Foto-Alexander-Will.jpg\" class=\"attachment-full size-full lazyload\" alt=\"\" srcset=\"data:image\/svg+xml,%3Csvg%20xmlns%3D%27http%3A%2F%2Fwww.w3.org%2F2000%2Fsvg%27%20width%3D%272000%27%20height%3D%271500%27%20viewBox%3D%270%200%202000%201500%27%3E%3Crect%20width%3D%272000%27%20height%3D%271500%27%20fill-opacity%3D%220%22%2F%3E%3C%2Fsvg%3E\" data-orig-src=\"https:\/\/www.radiata.ch\/wp-content\/uploads\/2021\/06\/Geschu\u0308tzter-Eingang-zum-Gewa\u0308chshaus-\u00a9-Foto-Alexander-Will.jpg\" data-srcset=\"https:\/\/www.radiata.ch\/wp-content\/uploads\/2021\/06\/Geschu\u0308tzter-Eingang-zum-Gewa\u0308chshaus-\u00a9-Foto-Alexander-Will-200x150.jpg 200w, https:\/\/www.radiata.ch\/wp-content\/uploads\/2021\/06\/Geschu\u0308tzter-Eingang-zum-Gewa\u0308chshaus-\u00a9-Foto-Alexander-Will-400x300.jpg 400w, https:\/\/www.radiata.ch\/wp-content\/uploads\/2021\/06\/Geschu\u0308tzter-Eingang-zum-Gewa\u0308chshaus-\u00a9-Foto-Alexander-Will-600x450.jpg 600w, https:\/\/www.radiata.ch\/wp-content\/uploads\/2021\/06\/Geschu\u0308tzter-Eingang-zum-Gewa\u0308chshaus-\u00a9-Foto-Alexander-Will-800x600.jpg 800w, https:\/\/www.radiata.ch\/wp-content\/uploads\/2021\/06\/Geschu\u0308tzter-Eingang-zum-Gewa\u0308chshaus-\u00a9-Foto-Alexander-Will-1200x900.jpg 1200w, https:\/\/www.radiata.ch\/wp-content\/uploads\/2021\/06\/Geschu\u0308tzter-Eingang-zum-Gewa\u0308chshaus-\u00a9-Foto-Alexander-Will.jpg 2000w\" data-sizes=\"auto\" \/><\/a><\/div><div class=\"awb-imageframe-caption-container\" style=\"text-align:left;\"><div class=\"awb-imageframe-caption\"><h6 class=\"awb-imageframe-caption-title\">Geschu\u0308tzter Eingang zum Gewa\u0308chshaus | \u00a9 Foto Alexander Will<\/h6><\/div><\/div><\/div><\/div><div class=\"swiper-slide\"><div class=\"fusion-carousel-item-wrapper\"><div class=\"fusion-image-wrapper hover-type-liftup\"><a data-rel=\"iLightbox[image_carousel_1]\" data-title=\"Fru\u0308hbeet mit HQI Beleuchtung | \u00a9 Foto Steve Stoll\" aria-label=\"Fru\u0308hbeet mit HQI Beleuchtung | \u00a9 Foto Steve Stoll\" href=\"https:\/\/www.radiata.ch\/wp-content\/uploads\/2021\/06\/Fru\u0308hbeet-mit-HQI-Beleuchtung-\u00a9-Foto-Steve-Stoll.jpg\" target=\"_self\"><img decoding=\"async\" width=\"2000\" height=\"1500\" src=\"https:\/\/www.radiata.ch\/wp-content\/uploads\/2021\/06\/Fru\u0308hbeet-mit-HQI-Beleuchtung-\u00a9-Foto-Steve-Stoll.jpg\" class=\"attachment-full size-full lazyload\" alt=\"\" srcset=\"data:image\/svg+xml,%3Csvg%20xmlns%3D%27http%3A%2F%2Fwww.w3.org%2F2000%2Fsvg%27%20width%3D%272000%27%20height%3D%271500%27%20viewBox%3D%270%200%202000%201500%27%3E%3Crect%20width%3D%272000%27%20height%3D%271500%27%20fill-opacity%3D%220%22%2F%3E%3C%2Fsvg%3E\" data-orig-src=\"https:\/\/www.radiata.ch\/wp-content\/uploads\/2021\/06\/Fru\u0308hbeet-mit-HQI-Beleuchtung-\u00a9-Foto-Steve-Stoll.jpg\" data-srcset=\"https:\/\/www.radiata.ch\/wp-content\/uploads\/2021\/06\/Fru\u0308hbeet-mit-HQI-Beleuchtung-\u00a9-Foto-Steve-Stoll-200x150.jpg 200w, https:\/\/www.radiata.ch\/wp-content\/uploads\/2021\/06\/Fru\u0308hbeet-mit-HQI-Beleuchtung-\u00a9-Foto-Steve-Stoll-400x300.jpg 400w, https:\/\/www.radiata.ch\/wp-content\/uploads\/2021\/06\/Fru\u0308hbeet-mit-HQI-Beleuchtung-\u00a9-Foto-Steve-Stoll-600x450.jpg 600w, https:\/\/www.radiata.ch\/wp-content\/uploads\/2021\/06\/Fru\u0308hbeet-mit-HQI-Beleuchtung-\u00a9-Foto-Steve-Stoll-800x600.jpg 800w, https:\/\/www.radiata.ch\/wp-content\/uploads\/2021\/06\/Fru\u0308hbeet-mit-HQI-Beleuchtung-\u00a9-Foto-Steve-Stoll-1200x900.jpg 1200w, https:\/\/www.radiata.ch\/wp-content\/uploads\/2021\/06\/Fru\u0308hbeet-mit-HQI-Beleuchtung-\u00a9-Foto-Steve-Stoll.jpg 2000w\" data-sizes=\"auto\" \/><\/a><\/div><div class=\"awb-imageframe-caption-container\" style=\"text-align:left;\"><div class=\"awb-imageframe-caption\"><h6 class=\"awb-imageframe-caption-title\">Fru\u0308hbeet mit HQI Beleuchtung | \u00a9 Foto Steve Stoll<\/h6><\/div><\/div><\/div><\/div><div class=\"swiper-slide\"><div class=\"fusion-carousel-item-wrapper\"><div class=\"fusion-image-wrapper hover-type-liftup\"><a data-rel=\"iLightbox[image_carousel_1]\" data-title=\"Outdooranlage mit beheizbarem Fru\u0308hbeet fu\u0308r Jungtiere | \u00a9 Foto Steve Stoll\" aria-label=\"Outdooranlage mit beheizbarem Fru\u0308hbeet fu\u0308r Jungtiere | \u00a9 Foto Steve Stoll\" href=\"https:\/\/www.radiata.ch\/wp-content\/uploads\/2021\/06\/Outdooranlage-mit-beheizbarem-Fru\u0308hbeet-fu\u0308r-Jungtiere-\u00a9-Foto-Steve-Stoll.jpg\" target=\"_self\"><img decoding=\"async\" width=\"2000\" height=\"1500\" src=\"https:\/\/www.radiata.ch\/wp-content\/uploads\/2021\/06\/Outdooranlage-mit-beheizbarem-Fru\u0308hbeet-fu\u0308r-Jungtiere-\u00a9-Foto-Steve-Stoll.jpg\" class=\"attachment-full size-full lazyload\" alt=\"\" srcset=\"data:image\/svg+xml,%3Csvg%20xmlns%3D%27http%3A%2F%2Fwww.w3.org%2F2000%2Fsvg%27%20width%3D%272000%27%20height%3D%271500%27%20viewBox%3D%270%200%202000%201500%27%3E%3Crect%20width%3D%272000%27%20height%3D%271500%27%20fill-opacity%3D%220%22%2F%3E%3C%2Fsvg%3E\" data-orig-src=\"https:\/\/www.radiata.ch\/wp-content\/uploads\/2021\/06\/Outdooranlage-mit-beheizbarem-Fru\u0308hbeet-fu\u0308r-Jungtiere-\u00a9-Foto-Steve-Stoll.jpg\" data-srcset=\"https:\/\/www.radiata.ch\/wp-content\/uploads\/2021\/06\/Outdooranlage-mit-beheizbarem-Fru\u0308hbeet-fu\u0308r-Jungtiere-\u00a9-Foto-Steve-Stoll-200x150.jpg 200w, https:\/\/www.radiata.ch\/wp-content\/uploads\/2021\/06\/Outdooranlage-mit-beheizbarem-Fru\u0308hbeet-fu\u0308r-Jungtiere-\u00a9-Foto-Steve-Stoll-400x300.jpg 400w, https:\/\/www.radiata.ch\/wp-content\/uploads\/2021\/06\/Outdooranlage-mit-beheizbarem-Fru\u0308hbeet-fu\u0308r-Jungtiere-\u00a9-Foto-Steve-Stoll-600x450.jpg 600w, https:\/\/www.radiata.ch\/wp-content\/uploads\/2021\/06\/Outdooranlage-mit-beheizbarem-Fru\u0308hbeet-fu\u0308r-Jungtiere-\u00a9-Foto-Steve-Stoll-800x600.jpg 800w, https:\/\/www.radiata.ch\/wp-content\/uploads\/2021\/06\/Outdooranlage-mit-beheizbarem-Fru\u0308hbeet-fu\u0308r-Jungtiere-\u00a9-Foto-Steve-Stoll-1200x900.jpg 1200w, https:\/\/www.radiata.ch\/wp-content\/uploads\/2021\/06\/Outdooranlage-mit-beheizbarem-Fru\u0308hbeet-fu\u0308r-Jungtiere-\u00a9-Foto-Steve-Stoll.jpg 2000w\" data-sizes=\"auto\" \/><\/a><\/div><div class=\"awb-imageframe-caption-container\" style=\"text-align:left;\"><div class=\"awb-imageframe-caption\"><h6 class=\"awb-imageframe-caption-title\">Outdooranlage mit beheizbarem Fru\u0308hbeet fu\u0308r Jungtiere | \u00a9 Foto Steve Stoll<\/h6><\/div><\/div><\/div><\/div><div class=\"swiper-slide\"><div class=\"fusion-carousel-item-wrapper\"><div class=\"fusion-image-wrapper hover-type-liftup\"><a data-rel=\"iLightbox[image_carousel_1]\" data-title=\"Strukturiertes Aussengehege mit Steinmauer | \u00a9 Foto Steve Stoll\" aria-label=\"Strukturiertes Aussengehege mit Steinmauer | \u00a9 Foto Steve Stoll\" href=\"https:\/\/www.radiata.ch\/wp-content\/uploads\/2021\/06\/Strukturiertes-Aussengehege-mit-Steinmauer-\u00a9-Foto-Steve-Stoll.jpg\" target=\"_self\"><img decoding=\"async\" width=\"2000\" height=\"1500\" src=\"https:\/\/www.radiata.ch\/wp-content\/uploads\/2021\/06\/Strukturiertes-Aussengehege-mit-Steinmauer-\u00a9-Foto-Steve-Stoll.jpg\" class=\"attachment-full size-full lazyload\" alt=\"\" srcset=\"data:image\/svg+xml,%3Csvg%20xmlns%3D%27http%3A%2F%2Fwww.w3.org%2F2000%2Fsvg%27%20width%3D%272000%27%20height%3D%271500%27%20viewBox%3D%270%200%202000%201500%27%3E%3Crect%20width%3D%272000%27%20height%3D%271500%27%20fill-opacity%3D%220%22%2F%3E%3C%2Fsvg%3E\" data-orig-src=\"https:\/\/www.radiata.ch\/wp-content\/uploads\/2021\/06\/Strukturiertes-Aussengehege-mit-Steinmauer-\u00a9-Foto-Steve-Stoll.jpg\" data-srcset=\"https:\/\/www.radiata.ch\/wp-content\/uploads\/2021\/06\/Strukturiertes-Aussengehege-mit-Steinmauer-\u00a9-Foto-Steve-Stoll-200x150.jpg 200w, https:\/\/www.radiata.ch\/wp-content\/uploads\/2021\/06\/Strukturiertes-Aussengehege-mit-Steinmauer-\u00a9-Foto-Steve-Stoll-400x300.jpg 400w, https:\/\/www.radiata.ch\/wp-content\/uploads\/2021\/06\/Strukturiertes-Aussengehege-mit-Steinmauer-\u00a9-Foto-Steve-Stoll-600x450.jpg 600w, https:\/\/www.radiata.ch\/wp-content\/uploads\/2021\/06\/Strukturiertes-Aussengehege-mit-Steinmauer-\u00a9-Foto-Steve-Stoll-800x600.jpg 800w, https:\/\/www.radiata.ch\/wp-content\/uploads\/2021\/06\/Strukturiertes-Aussengehege-mit-Steinmauer-\u00a9-Foto-Steve-Stoll-1200x900.jpg 1200w, https:\/\/www.radiata.ch\/wp-content\/uploads\/2021\/06\/Strukturiertes-Aussengehege-mit-Steinmauer-\u00a9-Foto-Steve-Stoll.jpg 2000w\" data-sizes=\"auto\" \/><\/a><\/div><div class=\"awb-imageframe-caption-container\" style=\"text-align:left;\"><div class=\"awb-imageframe-caption\"><h6 class=\"awb-imageframe-caption-title\">Strukturiertes Aussengehege mit Steinmauer | \u00a9 Foto Steve Stoll<\/h6><\/div><\/div><\/div><\/div><div class=\"swiper-slide\"><div class=\"fusion-carousel-item-wrapper\"><div class=\"fusion-image-wrapper hover-type-liftup\"><a data-rel=\"iLightbox[image_carousel_1]\" data-title=\"Outdooranlage f\u00fcr Jungtiere mit Schutzhaus aus Alltop | \u00a9 Foto G.L.\" aria-label=\"Outdooranlage f\u00fcr Jungtiere mit Schutzhaus aus Alltop | \u00a9 Foto G.L.\" href=\"https:\/\/www.radiata.ch\/wp-content\/uploads\/2023\/06\/2000x1500_Aussengehege_G.L.jpg\" target=\"_self\"><img decoding=\"async\" width=\"2000\" height=\"1500\" src=\"https:\/\/www.radiata.ch\/wp-content\/uploads\/2023\/06\/2000x1500_Aussengehege_G.L.jpg\" class=\"attachment-full size-full lazyload\" alt=\"\" srcset=\"data:image\/svg+xml,%3Csvg%20xmlns%3D%27http%3A%2F%2Fwww.w3.org%2F2000%2Fsvg%27%20width%3D%272000%27%20height%3D%271500%27%20viewBox%3D%270%200%202000%201500%27%3E%3Crect%20width%3D%272000%27%20height%3D%271500%27%20fill-opacity%3D%220%22%2F%3E%3C%2Fsvg%3E\" data-orig-src=\"https:\/\/www.radiata.ch\/wp-content\/uploads\/2023\/06\/2000x1500_Aussengehege_G.L.jpg\" data-srcset=\"https:\/\/www.radiata.ch\/wp-content\/uploads\/2023\/06\/2000x1500_Aussengehege_G.L-200x150.jpg 200w, https:\/\/www.radiata.ch\/wp-content\/uploads\/2023\/06\/2000x1500_Aussengehege_G.L-400x300.jpg 400w, https:\/\/www.radiata.ch\/wp-content\/uploads\/2023\/06\/2000x1500_Aussengehege_G.L-600x450.jpg 600w, https:\/\/www.radiata.ch\/wp-content\/uploads\/2023\/06\/2000x1500_Aussengehege_G.L-800x600.jpg 800w, https:\/\/www.radiata.ch\/wp-content\/uploads\/2023\/06\/2000x1500_Aussengehege_G.L-1200x900.jpg 1200w, https:\/\/www.radiata.ch\/wp-content\/uploads\/2023\/06\/2000x1500_Aussengehege_G.L.jpg 2000w\" data-sizes=\"auto\" \/><\/a><\/div><div class=\"awb-imageframe-caption-container\" style=\"text-align:left;\"><div class=\"awb-imageframe-caption\"><h6 class=\"awb-imageframe-caption-title\">Outdooranlage f\u00fcr Jungtiere mit Schutzhaus aus Alltop | \u00a9 Foto G.L.<\/h6><\/div><\/div><\/div><\/div><\/div><div class=\"awb-swiper-button awb-swiper-button-prev\"><i class=\"awb-icon-angle-left\" aria-hidden=\"true\"><\/i><\/div><div class=\"awb-swiper-button awb-swiper-button-next\"><i class=\"awb-icon-angle-right\" aria-hidden=\"true\"><\/i><\/div><\/div><\/div><\/div><\/div><\/div><\/div><div class=\"fusion-fullwidth fullwidth-box fusion-builder-row-5 fusion-flex-container hundred-percent-fullwidth non-hundred-percent-height-scrolling\" style=\"--awb-border-radius-top-left:0px;--awb-border-radius-top-right:0px;--awb-border-radius-bottom-right:0px;--awb-border-radius-bottom-left:0px;--awb-overflow:visible;--awb-margin-top:100px;--awb-margin-bottom:100px;--awb-flex-wrap:wrap;\" ><div class=\"fusion-builder-row fusion-row fusion-flex-align-items-flex-start fusion-flex-content-wrap\" style=\"width:104% !important;max-width:104% !important;margin-left: calc(-4% \/ 2 );margin-right: calc(-4% \/ 2 );\"><div class=\"fusion-layout-column fusion_builder_column fusion-builder-column-4 fusion_builder_column_1_1 1_1 fusion-flex-column fusion-flex-align-self-flex-start fusion-column-no-min-height\" style=\"--awb-bg-size:cover;--awb-width-large:100%;--awb-margin-top-large:0px;--awb-spacing-right-large:1.92%;--awb-margin-bottom-large:0px;--awb-spacing-left-large:1.92%;--awb-width-medium:100%;--awb-spacing-right-medium:1.92%;--awb-spacing-left-medium:1.92%;--awb-width-small:100%;--awb-spacing-right-small:1.92%;--awb-spacing-left-small:1.92%;\"><div class=\"fusion-column-wrapper fusion-flex-justify-content-flex-start fusion-content-layout-column\"><div class=\"fusion-title title fusion-title-5 fusion-title-text fusion-title-size-one\" style=\"--awb-text-color:#000000;--awb-margin-top-small:0px;--awb-margin-bottom-small:20px;--awb-font-size:34px;\"><div class=\"title-sep-container title-sep-container-left fusion-no-large-visibility fusion-no-medium-visibility fusion-no-small-visibility\"><div class=\"title-sep sep- sep-solid\" style=\"border-color:#e2e2e2;\"><\/div><\/div><span class=\"awb-title-spacer fusion-no-large-visibility fusion-no-medium-visibility fusion-no-small-visibility\"><\/span><h1 class=\"fusion-title-heading title-heading-left fusion-responsive-typography-calculated\" style=\"margin:0;font-size:1em;--fontSize:34;line-height:1.14;\">FAQ zum Themenbereich Freigehege<\/h1><span class=\"awb-title-spacer\"><\/span><div class=\"title-sep-container title-sep-container-right\"><div class=\"title-sep sep- sep-solid\" style=\"border-color:#e2e2e2;\"><\/div><\/div><\/div><div class=\"fusion-separator fusion-full-width-sep\" style=\"align-self: center;margin-left: auto;margin-right: auto;margin-top:0px;margin-bottom:40px;width:100%;\"><div class=\"fusion-separator-border sep-single sep-solid\" style=\"--awb-height:20px;--awb-amount:20px;--awb-sep-color:#000000;border-color:#000000;border-top-width:1px;\"><\/div><\/div><style type=\"text\/css\">#accordian-1 .fusion-panel:hover,#accordian-1 .fusion-panel.hover{ background-color: rgba(0,153,51,0.8) } #accordian-1 .fusion-panel { border-color:#157500; border-width:1px; background-color:#009933; }.fusion-accordian #accordian-1 .panel-title a .fa-fusion-box:before{ font-size: 18px;width: 18px;}.fusion-accordian #accordian-1 .panel-title a .fa-fusion-box{ color: #ffcc00;}.fusion-accordian  #accordian-1 .panel-title a{font-family:\"Lato\";font-style:normal;font-weight:700;}.fusion-accordian  #accordian-1 .panel-title a:not(:hover){}.fusion-accordian  #accordian-1 .toggle-content{font-family:\"Lato\";font-style:normal;font-weight:400;}.fusion-accordian #accordian-1 .fa-fusion-box { background-color: #009933 !important;border-color: #009933 !important;}.fusion-accordian #accordian-1 .panel-title a:hover,.fusion-accordian #accordian-1 .panel-title a.hover { color: rgba(0,153,51,0.8);}.fusion-faq-shortcode .fusion-accordian #accordian-1 .fusion-toggle-boxed-mode:hover .panel-title a { color: rgba(0,153,51,0.8);}.fusion-accordian #accordian-1 .panel-title .active .fa-fusion-box,.fusion-accordian #accordian-1 .panel-title a:hover .fa-fusion-box,.fusion-accordian #accordian-1 .panel-title a.hover .fa-fusion-box { background-color: rgba(0,153,51,0.8)!important;border-color: rgba(0,153,51,0.8)!important;}<\/style><div class=\"fusion-faq-shortcode\" style=\"\"><div class=\"fusion-faqs-wrapper\"><div class=\"accordian fusion-accordian\"><div class=\"panel-group \" id=\"accordian-1\"><div class=\"fusion-panel fusion-toggle-no-divider fusion-toggle-boxed-mode panel-default fusion-faq-post fusion-faq-post-7331 freilandgehege temperatur \"><span class=\"entry-title rich-snippet-hidden\">FAQ \u00ab&#8230;Wie lange und bei welchen Temperaturen kann ich Strahlenschildkr\u00f6ten im Aussengehege halten?\u00bb<\/span><span class=\"vcard rich-snippet-hidden\"><span class=\"fn\"><a href=\"https:\/\/www.radiata.ch\/fr\/author\/stevestolldesign-ch\/\" title=\"Articles par Steve Stoll\" rel=\"author\">Steve Stoll<\/a><\/span><\/span><span class=\"updated rich-snippet-hidden\">2022-02-28T16:02:04+01:00<\/span><div class=\"panel-heading\"><h4 id=\"faq_1-7331\" class=\"panel-title toggle\"><a data-toggle=\"collapse\" class=\"collapsed\" data-parent=\"#accordian-1\" data-target=\"#collapse-1-7331\" href=\"#collapse-1-7331\" aria-expanded=\"false\"><div class=\"fusion-toggle-icon-wrapper\"><div class=\"fusion-toggle-icon-wrapper-main\"><div class=\"fusion-toggle-icon-wrapper-sub\"><i class=\"fa-fusion-box active-icon awb-icon-minus\" aria-hidden=\"true\"><\/i><i class=\"fa-fusion-box inactive-icon awb-icon-plus\" aria-hidden=\"true\"><\/i><\/div><\/div><\/div><div class=\"fusion-toggle-heading\">FAQ \u00ab&#8230;Wie lange und bei welchen Temperaturen kann ich Strahlenschildkr\u00f6ten im Aussengehege halten?\u00bb<\/div><\/a><\/h4><\/div><div id=\"collapse-1-7331\" aria-labelledby=\"faq_1-7331\" class=\"panel-collapse collapse\"><div class=\"panel-body toggle-content post-content\"><div class=\"fusion-fullwidth fullwidth-box fusion-builder-row-5-1 fusion-flex-container nonhundred-percent-fullwidth non-hundred-percent-height-scrolling\" style=\"--awb-border-radius-top-left:0px;--awb-border-radius-top-right:0px;--awb-border-radius-bottom-right:0px;--awb-border-radius-bottom-left:0px;--awb-flex-wrap:wrap;\" ><div class=\"fusion-builder-row fusion-row fusion-flex-align-items-flex-start fusion-flex-content-wrap\" style=\"width:104% !important;max-width:104% !important;margin-left: calc(-4% \/ 2 );margin-right: calc(-4% \/ 2 );\"><div class=\"fusion-layout-column fusion_builder_column fusion-builder-column-5 fusion_builder_column_1_1 1_1 fusion-flex-column\" style=\"--awb-bg-size:cover;--awb-width-large:100%;--awb-flex-grow:0;--awb-flex-shrink:0;--awb-margin-top-large:0px;--awb-spacing-right-large:1.92%;--awb-margin-bottom-large:0px;--awb-spacing-left-large:1.92%;--awb-width-medium:100%;--awb-flex-grow-medium:0;--awb-flex-shrink-medium:0;--awb-spacing-right-medium:1.92%;--awb-spacing-left-medium:1.92%;--awb-width-small:100%;--awb-flex-grow-small:0;--awb-flex-shrink-small:0;--awb-spacing-right-small:1.92%;--awb-spacing-left-small:1.92%;\"><div class=\"fusion-column-wrapper fusion-flex-justify-content-flex-start fusion-content-layout-column\"><div class=\"fusion-text fusion-text-6\" style=\"--awb-text-color:#000000;\"><p><span style=\"color: #ffcc00;\"><strong>Strahlenschildkr\u00f6ten geh\u00f6ren in der warmen Jahreszeit, bei sonnigem und trockenem Wetter immer in ein Aussengehge!<\/strong> Unter der Voraussetzung, dass die Sonne scheint, sich das Aussengehege an einer S\u00fcdlage befindet und die Tiere sich in einem beheizten Fr\u00fchbeet oder Gew\u00e4chshaus aufw\u00e4rmen k\u00f6nnen, d\u00fcrfen Strahlenschildkr\u00f6ten bereits ab 15\u00b0C Aussentemperatur ins Freigehege. Nur bei l\u00e4ngeren Perioden mit nass-kalter Witterung und tiefen Temperaturen sollten sich Strahlenschildkr\u00f6ten ausschliesslich in beheizten, abgeschlossenen Schutzh\u00e4usern oder im Innengehege aufhalten.<\/span><\/p>\n<p><span style=\"color: #ffcc00;\">Scheint die Sonne, lassen wir unsere Tiere bereits Anfang M\u00e4rz f\u00fcr wenige Stunden ins Freigehege, damit sie ausgiebig UV Licht und frische Luft tanken k\u00f6nnen. \u00dcber Mittag hat es dann vielleicht milde Temperaturen von 15 bis 20\u00b0C. Manchmal liegt im Freigehege auch noch vereinzelt etwas Schnee, was die Tiere aber nicht zu st\u00f6ren scheint. Sp\u00e4testens ab 16 Uhr m\u00fcssen sich aber alle Tiere wieder im beheizten Schildkr\u00f6tenhaus befinden. Die Nacht wird in den \u00dcbergangszeiten immer in einem beheizten und gesch\u00fctzten Innenraum verbracht!<\/span><\/p>\n<p><span style=\"color: #ffcc00;\">Warme und trockene Sommer d\u00fcrfen unsere Strahlenschildkr\u00f6ten Tag und Nacht im Freigehege verbringen. Im Hochsommer bleiben alle Licht- und Heizelemente in den Fr\u00fchbeeten und im Innengehege ausgeschaltet. Die Dachklappen der Fr\u00fchbeete f\u00fcr die Jungtiere stehen dann immer offen, um einer \u00dcberhitzung vorzubeugen. In Sommern mit tropischen N\u00e4chten verschliessen wir auch den Eingang zum Innengehege f\u00fcr die adulten Schildkr\u00f6ten, damit sie m\u00f6glichst naturnah im Aussengehege unter B\u00fcschen \u00fcbernachten k\u00f6nnen.<\/span><\/p>\n<p><span style=\"color: #ffcc00;\">Um optimal vom nat\u00fcrlichen Sonnenlicht zu profitieren, versuchen wir auch im Herbst den Aufenthalt im Freigehege m\u00f6glichst lange zu erm\u00f6glichen. Bleibt das Wetter sonnig und trocken, k\u00f6nnen Strahlenschildkr\u00f6ten tags\u00fcber auch bis Ende Oktober Streifz\u00fcge im Freigehege unternehmen. Die N\u00e4chte sollten die Tiere dann aber immer in beheizten und verschlossenen Schutzh\u00e4usern verbringen. Sp\u00e4testens wenn die Kraft der Sonne nachl\u00e4sst, die Aussentemperaturen unter 15\u00b0C sinken und es zu andauernden, nass-kalten Wetterlagen kommt, m\u00fcssen Strahlenschildkr\u00f6ten bis zum n\u00e4chsten Fr\u00fchjahr in das beheizte Winterquartier gebracht werden.<\/span><\/p>\n<\/div><\/div><\/div><\/div><\/div>\n<\/div><\/div><\/div><div class=\"fusion-panel fusion-toggle-no-divider fusion-toggle-boxed-mode panel-default fusion-faq-post fusion-faq-post-6438 freilandgehege innengehege \"><span class=\"entry-title rich-snippet-hidden\">FAQ \u00ab&#8230;Wie gross muss ein Innengehege bzw. Aussengehege f\u00fcr eine Strahlenschildkr\u00f6te sein?\u00bb<\/span><span class=\"vcard rich-snippet-hidden\"><span class=\"fn\"><a href=\"https:\/\/www.radiata.ch\/fr\/author\/stevestolldesign-ch\/\" title=\"Articles par Steve Stoll\" rel=\"author\">Steve Stoll<\/a><\/span><\/span><span class=\"updated rich-snippet-hidden\">2022-03-06T15:49:24+01:00<\/span><div class=\"panel-heading\"><h4 id=\"faq_1-6438\" class=\"panel-title toggle\"><a data-toggle=\"collapse\" class=\"collapsed\" data-parent=\"#accordian-1\" data-target=\"#collapse-1-6438\" href=\"#collapse-1-6438\" aria-expanded=\"false\"><div class=\"fusion-toggle-icon-wrapper\"><div class=\"fusion-toggle-icon-wrapper-main\"><div class=\"fusion-toggle-icon-wrapper-sub\"><i class=\"fa-fusion-box active-icon awb-icon-minus\" aria-hidden=\"true\"><\/i><i class=\"fa-fusion-box inactive-icon awb-icon-plus\" aria-hidden=\"true\"><\/i><\/div><\/div><\/div><div class=\"fusion-toggle-heading\">FAQ \u00ab&#8230;Wie gross muss ein Innengehege bzw. Aussengehege f\u00fcr eine Strahlenschildkr\u00f6te sein?\u00bb<\/div><\/a><\/h4><\/div><div id=\"collapse-1-6438\" aria-labelledby=\"faq_1-6438\" class=\"panel-collapse collapse\"><div class=\"panel-body toggle-content post-content\"><div class=\"fusion-fullwidth fullwidth-box fusion-builder-row-5-2 fusion-flex-container nonhundred-percent-fullwidth non-hundred-percent-height-scrolling\" style=\"--awb-border-radius-top-left:0px;--awb-border-radius-top-right:0px;--awb-border-radius-bottom-right:0px;--awb-border-radius-bottom-left:0px;--awb-flex-wrap:wrap;\" ><div class=\"fusion-builder-row fusion-row fusion-flex-align-items-flex-start fusion-flex-content-wrap\" style=\"width:104% !important;max-width:104% !important;margin-left: calc(-4% \/ 2 );margin-right: calc(-4% \/ 2 );\"><div class=\"fusion-layout-column fusion_builder_column fusion-builder-column-6 fusion_builder_column_1_1 1_1 fusion-flex-column\" style=\"--awb-bg-size:cover;--awb-width-large:100%;--awb-flex-grow:0;--awb-flex-shrink:0;--awb-margin-top-large:0px;--awb-spacing-right-large:1.92%;--awb-margin-bottom-large:0px;--awb-spacing-left-large:1.92%;--awb-width-medium:100%;--awb-flex-grow-medium:0;--awb-flex-shrink-medium:0;--awb-spacing-right-medium:1.92%;--awb-spacing-left-medium:1.92%;--awb-width-small:100%;--awb-flex-grow-small:0;--awb-flex-shrink-small:0;--awb-spacing-right-small:1.92%;--awb-spacing-left-small:1.92%;\"><div class=\"fusion-column-wrapper fusion-flex-justify-content-flex-start fusion-content-layout-column\"><div class=\"fusion-text fusion-text-7\" style=\"--awb-text-color:#000000;\"><p><span style=\"color: #ffcc00;\">Diese Frage l\u00e4sst sich nur sehr schwer beantworten, weil ein Gehege f\u00fcr ein Wildtier grunds\u00e4tzlich nie gross genug sein kann. Wir bewundern und freuen uns immer sehr \u00fcber die liebevolle Grossz\u00fcgigkeit von einzelnen Schildkr\u00f6tenhalter*Innen, die f\u00fcr ihre wenigen Tiere ganze Innenr\u00e4ume mit angrenzendem Garten zur Vef\u00fcgung stellen und keine Kosten und M\u00fchen f\u00fcr das Wohlbefinden Ihrer Schildkr\u00f6ten scheuen.<\/span><\/p>\n<p><span style=\"color: #ffcc00;\">Strahlenschildkr\u00f6ten sind sehr aktive Schildkr\u00f6ten mit einem grossen Bewegungsbedarf. Als grobe Faustregel kann man davon ausgehen, dass die Masse f\u00fcr ein Innengehege <strong>mindestens<\/strong> 10x die Panzerl\u00e4nge in der L\u00e4nge und Breite betragen sollte. F\u00fcr ein Aussengehege 20x die Panzerl\u00e4nge in der L\u00e4nge und Breite. F\u00fcr jedes weitere Tier noch 2x die Panzerl\u00e4nge in der L\u00e4nge und Breite. Diese Angaben sollten <strong>nicht<\/strong> unterschritten werden! Nat\u00fcrlich m\u00fcssen die Gehegegr\u00f6ssen mit dem Wachstum der Schildkr\u00f6te immer wieder erweitert werden. Die Gehegegr\u00f6sse sollte immer ausreichend gross gew\u00e4hlt werden, damit die Schildkr\u00f6ten verschiedene Licht- und Temperaturzonen darin vorfinden k\u00f6nnen.<br \/>\n<\/span><\/p>\n<\/div><\/div><\/div><\/div><\/div>\n<\/div><\/div><\/div><div class=\"fusion-panel fusion-toggle-no-divider fusion-toggle-boxed-mode panel-default fusion-faq-post fusion-faq-post-6497 freilandgehege innengehege \"><span class=\"entry-title rich-snippet-hidden\">FAQ \u00ab&#8230;Kann man eine Strahlenschildkr\u00f6te einzeln halten?\u00bb<\/span><span class=\"vcard rich-snippet-hidden\"><span class=\"fn\"><a href=\"https:\/\/www.radiata.ch\/fr\/author\/stevestolldesign-ch\/\" title=\"Articles par Steve Stoll\" rel=\"author\">Steve Stoll<\/a><\/span><\/span><span class=\"updated rich-snippet-hidden\">2022-07-01T15:58:32+02:00<\/span><div class=\"panel-heading\"><h4 id=\"faq_1-6497\" class=\"panel-title toggle\"><a data-toggle=\"collapse\" class=\"collapsed\" data-parent=\"#accordian-1\" data-target=\"#collapse-1-6497\" href=\"#collapse-1-6497\" aria-expanded=\"false\"><div class=\"fusion-toggle-icon-wrapper\"><div class=\"fusion-toggle-icon-wrapper-main\"><div class=\"fusion-toggle-icon-wrapper-sub\"><i class=\"fa-fusion-box active-icon awb-icon-minus\" aria-hidden=\"true\"><\/i><i class=\"fa-fusion-box inactive-icon awb-icon-plus\" aria-hidden=\"true\"><\/i><\/div><\/div><\/div><div class=\"fusion-toggle-heading\">FAQ \u00ab&#8230;Kann man eine Strahlenschildkr\u00f6te einzeln halten?\u00bb<\/div><\/a><\/h4><\/div><div id=\"collapse-1-6497\" aria-labelledby=\"faq_1-6497\" class=\"panel-collapse collapse\"><div class=\"panel-body toggle-content post-content\"><div class=\"fusion-fullwidth fullwidth-box fusion-builder-row-5-3 fusion-flex-container nonhundred-percent-fullwidth non-hundred-percent-height-scrolling\" style=\"--awb-border-radius-top-left:0px;--awb-border-radius-top-right:0px;--awb-border-radius-bottom-right:0px;--awb-border-radius-bottom-left:0px;--awb-flex-wrap:wrap;\" ><div class=\"fusion-builder-row fusion-row fusion-flex-align-items-flex-start fusion-flex-content-wrap\" style=\"width:104% !important;max-width:104% !important;margin-left: calc(-4% \/ 2 );margin-right: calc(-4% \/ 2 );\"><div class=\"fusion-layout-column fusion_builder_column fusion-builder-column-7 fusion_builder_column_1_1 1_1 fusion-flex-column\" style=\"--awb-bg-size:cover;--awb-width-large:100%;--awb-flex-grow:0;--awb-flex-shrink:0;--awb-margin-top-large:0px;--awb-spacing-right-large:1.92%;--awb-margin-bottom-large:0px;--awb-spacing-left-large:1.92%;--awb-width-medium:100%;--awb-flex-grow-medium:0;--awb-flex-shrink-medium:0;--awb-spacing-right-medium:1.92%;--awb-spacing-left-medium:1.92%;--awb-width-small:100%;--awb-flex-grow-small:0;--awb-flex-shrink-small:0;--awb-spacing-right-small:1.92%;--awb-spacing-left-small:1.92%;\"><div class=\"fusion-column-wrapper fusion-flex-justify-content-flex-start fusion-content-layout-column\"><div class=\"fusion-text fusion-text-8\" style=\"--awb-text-color:#000000;\"><p><span style=\"color: #ffcc00;\">Grunds\u00e4tzlich sind Strahlenschildkr\u00f6ten Individualisten und streifen alleine und selbst\u00e4ndig durch ihre jeweiligen Territorien. Dabei sind sie nicht auf permanente, dauerhafte, soziale Kontakte mit Artgenossen angewiesen. Saisonal, z.B. zur Paarungszeit oder an geeigneten Wasserstellen, Futter- bzw. Sonnenpl\u00e4tzen, treffen Strahlenschildkr\u00f6ten aber immer wieder auf Artgenossen und zeigen dann ein artspezifisches, interaktives Sozialverhalten. F\u00fcr die Haltung in menschlicher Obhut bedeutet das, dass man Strahlenschildkr\u00f6ten \u00fcber einen l\u00e4ngeren Zeitraum und vor allem saisonal durchaus einzeln halten kann. Artgerecht w\u00e4re aber, wenn man ihnen ab und zu auch Kontakt zu Artgenossen erm\u00f6glicht. Astrochelys radiata ist eine eher friedliche Landschildkr\u00f6te, so dass sowohl M\u00e4nnchen als auch Weibchen problemlos in kleinen Gruppen zusammen gehalten werden k\u00f6nnen. Bei einer Gruppenhaltung ist jedoch immer auf ausreichend Platz mit Ausweich- und Separationsm\u00f6glichkeiten zu achten! Im Hinblick auf die Arterhaltung, scheint das Anstreben von intakten Zuchtgruppen durchaus sinnvoll.<\/span><\/p>\n<p><span style=\"color: #ffcc00;\">Schl\u00fcpflinge von Strahlenschildkr\u00f6ten rotten sich in den Aufzuchtbecken in Verstecken oft dicht zusammen, was manchmal den Eindruck erweckt, dass die Tiere auch die k\u00f6rperliche N\u00e4he zu Artgenossen suchen. Ob Gruppenansammlungen von Jungtieren in freier Wildbahn, z.B. unter verottendem Laub in Trockenw\u00e4ldern, auch vorkommen ist nicht bekannt. Dies k\u00f6nnte auch eher zuf\u00e4llig sein, weil gute, klimatisierte Verstecke auch in der Wildnis einfach beliebt und gefragt sind.<\/span><\/p>\n<\/div><\/div><\/div><\/div><\/div>\n<\/div><\/div><\/div><div class=\"fusion-panel fusion-toggle-no-divider fusion-toggle-boxed-mode panel-default fusion-faq-post fusion-faq-post-7137 freilandgehege hygiene \"><span class=\"entry-title rich-snippet-hidden\">FAQ \u00ab&#8230;Ich m\u00f6chte mir gerne eine Gruppe Strahlenschildkr\u00f6ten anschaffen. Kann ich sie im Sommer zusammen mit meinen europ\u00e4ischen Landschildkr\u00f6ten im Garten halten?\u00bb<\/span><span class=\"vcard rich-snippet-hidden\"><span class=\"fn\"><a href=\"https:\/\/www.radiata.ch\/fr\/author\/stevestolldesign-ch\/\" title=\"Articles par Steve Stoll\" rel=\"author\">Steve Stoll<\/a><\/span><\/span><span class=\"updated rich-snippet-hidden\">2022-04-11T09:01:49+02:00<\/span><div class=\"panel-heading\"><h4 id=\"faq_1-7137\" class=\"panel-title toggle\"><a data-toggle=\"collapse\" class=\"collapsed\" data-parent=\"#accordian-1\" data-target=\"#collapse-1-7137\" href=\"#collapse-1-7137\" aria-expanded=\"false\"><div class=\"fusion-toggle-icon-wrapper\"><div class=\"fusion-toggle-icon-wrapper-main\"><div class=\"fusion-toggle-icon-wrapper-sub\"><i class=\"fa-fusion-box active-icon awb-icon-minus\" aria-hidden=\"true\"><\/i><i class=\"fa-fusion-box inactive-icon awb-icon-plus\" aria-hidden=\"true\"><\/i><\/div><\/div><\/div><div class=\"fusion-toggle-heading\">FAQ \u00ab&#8230;Ich m\u00f6chte mir gerne eine Gruppe Strahlenschildkr\u00f6ten anschaffen. Kann ich sie im Sommer zusammen mit meinen europ\u00e4ischen Landschildkr\u00f6ten im Garten halten?\u00bb<\/div><\/a><\/h4><\/div><div id=\"collapse-1-7137\" aria-labelledby=\"faq_1-7137\" class=\"panel-collapse collapse\"><div class=\"panel-body toggle-content post-content\"><div class=\"fusion-fullwidth fullwidth-box fusion-builder-row-5-4 fusion-flex-container nonhundred-percent-fullwidth non-hundred-percent-height-scrolling\" style=\"--awb-border-radius-top-left:0px;--awb-border-radius-top-right:0px;--awb-border-radius-bottom-right:0px;--awb-border-radius-bottom-left:0px;--awb-flex-wrap:wrap;\" ><div class=\"fusion-builder-row fusion-row fusion-flex-align-items-flex-start fusion-flex-content-wrap\" style=\"width:104% !important;max-width:104% !important;margin-left: calc(-4% \/ 2 );margin-right: calc(-4% \/ 2 );\"><div class=\"fusion-layout-column fusion_builder_column fusion-builder-column-8 fusion_builder_column_1_1 1_1 fusion-flex-column\" style=\"--awb-bg-size:cover;--awb-width-large:100%;--awb-flex-grow:0;--awb-flex-shrink:0;--awb-margin-top-large:0px;--awb-spacing-right-large:1.92%;--awb-margin-bottom-large:0px;--awb-spacing-left-large:1.92%;--awb-width-medium:100%;--awb-flex-grow-medium:0;--awb-flex-shrink-medium:0;--awb-spacing-right-medium:1.92%;--awb-spacing-left-medium:1.92%;--awb-width-small:100%;--awb-flex-grow-small:0;--awb-flex-shrink-small:0;--awb-spacing-right-small:1.92%;--awb-spacing-left-small:1.92%;\"><div class=\"fusion-column-wrapper fusion-flex-justify-content-flex-start fusion-content-layout-column\"><div class=\"fusion-text fusion-text-9\" style=\"--awb-text-color:#000000;\"><p><span style=\"color: #ffcc00;\"><strong>Achtung!:<\/strong> Obwohl Astrochelys radiata in den meisten F\u00e4llen eine gute soziale Vertr\u00e4glichkeit zeigt, raten wir dringend vor einer Vergesellschaftung mit artfremden Schildkr\u00f6ten ab! Astrochelys radiata hat eine besondere \u00dcberempfindlichkeit gegen\u00fcber bestimmten, artfremden Mikroorganismen. Werden diese im \u00dcbermass aufgenommen, kann es zur Verdr\u00e4ngung oder zum Absterben der Darmflora kommen. Das Immunsystem wird dadurch erheblich und nachhaltig geschw\u00e4cht und es kann zu chronischen und schleichenden Entz\u00fcndungen im Magen-Darmtrakt kommen. Diese Entz\u00fcndungsherde k\u00f6nnen sich aber auch im ganzen K\u00f6rper ausbreiten und zu einem generalisierten Organversagen f\u00fchren. Vermutlich steht die geringe Toleranz von Astrochelys radiata gegen\u00fcber artfremden Mikroorganismen im Zusammenhang mit der endemischen Lebensweise und dem Bewohnen von einer ganz speziellen, begrenzten, \u00f6kologischen, Nische.<br \/>\n<\/span><\/p>\n<p><span style=\"color: #ffcc00;\">Kaufen Sie auch keine Schildkr\u00f6ten aus gemischtrassigen Best\u00e4nden, denn diese k\u00f6nnten bereits mit diversen Karnkheitserregern infiziert sein! Beachten Sie, dass eine Vergesellschaftung unterschiedlicher Arten immer Ausdruck von beschr\u00e4nkten Platzverh\u00e4ltnissen und Ignoranz der individuellen Bed\u00fcrfnisse darstellt. Eine Vergesellschaftung schaft neben einer erh\u00f6hten Kontaminationsgefahr auch zus\u00e4tzlichen und unn\u00f6tigen Stress f\u00fcr die Tiere.<br \/>\n<\/span><\/p>\n<\/div><\/div><\/div><\/div><\/div>\n<\/div><\/div><\/div><div class=\"fusion-panel fusion-toggle-no-divider fusion-toggle-boxed-mode panel-default fusion-faq-post fusion-faq-post-7130 freilandgehege temperatur \"><span class=\"entry-title rich-snippet-hidden\">FAQ \u00ab&#8230;Halten Strahlenschildkr\u00f6ten auch eine K\u00e4ltestarre? Kann ich sie zusammen mit meinen Griechischen Landschildkr\u00f6ten \u00fcberwintern?\u00bb<\/span><span class=\"vcard rich-snippet-hidden\"><span class=\"fn\"><a href=\"https:\/\/www.radiata.ch\/fr\/author\/stevestolldesign-ch\/\" title=\"Articles par Steve Stoll\" rel=\"author\">Steve Stoll<\/a><\/span><\/span><span class=\"updated rich-snippet-hidden\">2022-04-12T12:28:04+02:00<\/span><div class=\"panel-heading\"><h4 id=\"faq_1-7130\" class=\"panel-title toggle\"><a data-toggle=\"collapse\" class=\"collapsed\" data-parent=\"#accordian-1\" data-target=\"#collapse-1-7130\" href=\"#collapse-1-7130\" aria-expanded=\"false\"><div class=\"fusion-toggle-icon-wrapper\"><div class=\"fusion-toggle-icon-wrapper-main\"><div class=\"fusion-toggle-icon-wrapper-sub\"><i class=\"fa-fusion-box active-icon awb-icon-minus\" aria-hidden=\"true\"><\/i><i class=\"fa-fusion-box inactive-icon awb-icon-plus\" aria-hidden=\"true\"><\/i><\/div><\/div><\/div><div class=\"fusion-toggle-heading\">FAQ \u00ab&#8230;Halten Strahlenschildkr\u00f6ten auch eine K\u00e4ltestarre? Kann ich sie zusammen mit meinen Griechischen Landschildkr\u00f6ten \u00fcberwintern?\u00bb<\/div><\/a><\/h4><\/div><div id=\"collapse-1-7130\" aria-labelledby=\"faq_1-7130\" class=\"panel-collapse collapse\"><div class=\"panel-body toggle-content post-content\"><div class=\"fusion-fullwidth fullwidth-box fusion-builder-row-5-5 fusion-flex-container nonhundred-percent-fullwidth non-hundred-percent-height-scrolling\" style=\"--awb-border-radius-top-left:0px;--awb-border-radius-top-right:0px;--awb-border-radius-bottom-right:0px;--awb-border-radius-bottom-left:0px;--awb-flex-wrap:wrap;\" ><div class=\"fusion-builder-row fusion-row fusion-flex-align-items-flex-start fusion-flex-content-wrap\" style=\"width:104% !important;max-width:104% !important;margin-left: calc(-4% \/ 2 );margin-right: calc(-4% \/ 2 );\"><div class=\"fusion-layout-column fusion_builder_column fusion-builder-column-9 fusion_builder_column_1_1 1_1 fusion-flex-column\" style=\"--awb-bg-size:cover;--awb-width-large:100%;--awb-flex-grow:0;--awb-flex-shrink:0;--awb-margin-top-large:0px;--awb-spacing-right-large:1.92%;--awb-margin-bottom-large:0px;--awb-spacing-left-large:1.92%;--awb-width-medium:100%;--awb-flex-grow-medium:0;--awb-flex-shrink-medium:0;--awb-spacing-right-medium:1.92%;--awb-spacing-left-medium:1.92%;--awb-width-small:100%;--awb-flex-grow-small:0;--awb-flex-shrink-small:0;--awb-spacing-right-small:1.92%;--awb-spacing-left-small:1.92%;\"><div class=\"fusion-column-wrapper fusion-flex-justify-content-flex-start fusion-content-layout-column\"><div class=\"fusion-text fusion-text-10\" style=\"--awb-text-color:#000000;\"><p><span style=\"color: #ffcc00;\"><strong>Achtung!:<\/strong> Strahlenschildkr\u00f6ten stammen aus einer subtropischen Klimazone. Ihr K\u00f6rper hat deshalb keine physische Anpassung und Voraussetzung um eine saisonale K\u00e4ltestarre, wie sie z.B. europ\u00e4ische Landschildkr\u00f6ten abhalten, zu \u00fcberleben. Der Versuch eine Strahlenschildkr\u00f6te zu \u00fcberwintern endet f\u00fcr das Tier t\u00f6dlich! Bitte informieren Sie sich vor der Anschaffung ausf\u00fchrlich \u00fcber die Bed\u00fcrfnisse und Haltungsbedingungen dieser Tiere!<br \/>\n<\/span><\/p>\n<\/div><\/div><\/div><\/div><\/div>\n<\/div><\/div><\/div><\/div><\/div><\/div><\/div><\/div><\/div><\/div><\/div><\/p>\n","protected":false},"excerpt":{"rendered":"","protected":false},"author":1,"featured_media":4008,"comment_status":"open","ping_status":"closed","sticky":false,"template":"","format":"standard","meta":{"footnotes":""},"categories":[112],"tags":[],"class_list":["post-3900","post","type-post","status-publish","format-standard","has-post-thumbnail","hentry","category-haltung"],"_links":{"self":[{"href":"https:\/\/www.radiata.ch\/fr\/wp-json\/wp\/v2\/posts\/3900","targetHints":{"allow":["GET"]}}],"collection":[{"href":"https:\/\/www.radiata.ch\/fr\/wp-json\/wp\/v2\/posts"}],"about":[{"href":"https:\/\/www.radiata.ch\/fr\/wp-json\/wp\/v2\/types\/post"}],"author":[{"embeddable":true,"href":"https:\/\/www.radiata.ch\/fr\/wp-json\/wp\/v2\/users\/1"}],"replies":[{"embeddable":true,"href":"https:\/\/www.radiata.ch\/fr\/wp-json\/wp\/v2\/comments?post=3900"}],"version-history":[{"count":0,"href":"https:\/\/www.radiata.ch\/fr\/wp-json\/wp\/v2\/posts\/3900\/revisions"}],"wp:featuredmedia":[{"embeddable":true,"href":"https:\/\/www.radiata.ch\/fr\/wp-json\/wp\/v2\/media\/4008"}],"wp:attachment":[{"href":"https:\/\/www.radiata.ch\/fr\/wp-json\/wp\/v2\/media?parent=3900"}],"wp:term":[{"taxonomy":"category","embeddable":true,"href":"https:\/\/www.radiata.ch\/fr\/wp-json\/wp\/v2\/categories?post=3900"},{"taxonomy":"post_tag","embeddable":true,"href":"https:\/\/www.radiata.ch\/fr\/wp-json\/wp\/v2\/tags?post=3900"}],"curies":[{"name":"wp","href":"https:\/\/api.w.org\/{rel}","templated":true}]}}